{"id":480,"date":"2014-11-17T20:53:28","date_gmt":"2014-11-17T20:53:28","guid":{"rendered":"https:\/\/marchadelagorra.org\/?p=480"},"modified":"2014-11-17T20:53:28","modified_gmt":"2014-11-17T20:53:28","slug":"las-detenciones-son-constantes-y-no-nos-sentimos-tranquilos","status":"publish","type":"post","link":"https:\/\/marchadelagorra.org\/2024\/las-detenciones-son-constantes-y-no-nos-sentimos-tranquilos\/","title":{"rendered":"\u00abLas detenciones son constantes y no nos sentimos tranquilos\u00bb"},"content":{"rendered":"<p><strong>Integrantes del <a href=\"https:\/\/www.facebook.com\/pages\/Colectivo-de-J%C3%B3venes-por-Nuestros-Derechos\/721031484604423?sk=timeline\">Colectivo de J\u00f3venes por Nuestros Derechos<\/a> y Luis, vecino de barrio El Cortadero, fueron al programa radial<a href=\"https:\/\/www.facebook.com\/UniversidadAbiertaRadio\/timeline\"> Universidad Abierta Radio<\/a> (domingos a las 14hs por Radio Universidad Am 580) y debatieron sobre las pol\u00edticas de seguridad y el C\u00f3digo de Faltas cordob\u00e9s.\u00a0<\/strong><\/p>\n<p>Los invitados fueron <strong>Bel\u00e9n y Fernanda,\u00a0<\/strong>miembros del <strong>Colectivo de J\u00f3venes por Nuestros Derecho<\/strong>s, y<strong> Luis<\/strong>, vecino de barrio El Cortadero, quien cont\u00f3 c\u00f3mo se vive la discriminaci\u00f3n y la violencia policial en el barrio.<\/p>\n<p><img fetchpriority=\"high\" decoding=\"async\" class=\"alignleft wp-image-488 size-medium\" src=\"https:\/\/marchadelagorra.org\/wp-content\/uploads\/2014\/11\/Universidad-Abierta-3-300x199.jpg\" alt=\"Universidad Abierta (3)\" width=\"300\" height=\"199\" srcset=\"https:\/\/marchadelagorra.org\/2024\/wp-content\/uploads\/2014\/11\/Universidad-Abierta-3-300x199.jpg 300w, https:\/\/marchadelagorra.org\/2024\/wp-content\/uploads\/2014\/11\/Universidad-Abierta-3.jpg 960w\" sizes=\"(max-width: 300px) 100vw, 300px\" \/>El C\u00f3digo de Faltas es una ley de la provincia de C\u00f3rdoba, cuyo objetivo es castigar conductas que en teor\u00eda perjudican la vida cotidiana y as\u00ed facilitar, supuestamente, la convivencia.<\/p>\n<p>\u201cEs dif\u00edcil llegar con este discurso a la gente, que est\u00e1 de acuerdo con el C\u00f3digo de Faltas, y poder pensar con ellos como esta pol\u00edtica de seguridad no nos est\u00e1 dando seguridad\u201d afirm\u00f3 Bel\u00e9n y sigui\u00f3: \u201cPorque las detenciones son constantes y aun no nos sentimos tranquilos, y para el resto de la sociedad que avala el C\u00f3digo de Faltas, los niveles de inseguridad crecen, hay mas polic\u00edas, pero es todo una pantalla donde la gente est\u00e1 creyendo que est\u00e1n deteniendo a grandes ladrones y solo son chicos que van al Centro de la Ciudad\u201d.<\/p>\n<p>%MEDIA1%<\/p>\n<p>Los \u00faltimos datos oficiales informan que solamente en el 2011 se realizaron alrededor de 73 mil detenciones, lo que implicar\u00eda unos 200 arrestos por d\u00eda.<\/p>\n<p>Una de las figuras m\u00e1s discutidas del C\u00f3digo tiene que ver con la<strong> figura del merodeo<\/strong>, raz\u00f3n por la cual miles de j\u00f3venes son detenidos arbitrariamente por \u201cmerodear\u201d con supuesta actitud sospechosa sin raz\u00f3n atendible y provocando en teor\u00eda, la intranquilidad de los vecinos.<\/p>\n<p><img decoding=\"async\" class=\"alignright wp-image-490 size-medium\" src=\"https:\/\/marchadelagorra.org\/wp-content\/uploads\/2014\/11\/Universidad-Abierta-2-300x199.jpg\" alt=\"Universidad Abierta (2)\" width=\"300\" height=\"199\" srcset=\"https:\/\/marchadelagorra.org\/2024\/wp-content\/uploads\/2014\/11\/Universidad-Abierta-2-300x199.jpg 300w, https:\/\/marchadelagorra.org\/2024\/wp-content\/uploads\/2014\/11\/Universidad-Abierta-2.jpg 960w\" sizes=\"(max-width: 300px) 100vw, 300px\" \/>Luis, vecino de barrio Los Cortaderos, cont\u00f3 la situaci\u00f3n que vivi\u00f3 la semana pasada, cuando lo detuvieron junto con sus amigos que estaban tomando una gaseosa y prepar\u00e1ndose para ir a trabajar. \u201cNo me revisaron, no me pidieron datos, nada. Me pidieron los datos cuando ya estaba en la comisaria, all\u00e1. Estuve ah\u00ed desde la 1 de la tarde hasta las 11.30 de la noche. Si, muchas horas. Estuve con tres amigos m\u00e1s. A todos los llevan por lo mismo\u201d, se\u00f1al\u00f3.<\/p>\n<p>Por esto es que este jueves 20 de noviembre desde las 18 se realizar\u00e1 la<a href=\"http:\/\/www.cba24n.com.ar\/content\/jovenes-cordobeses-participaran-de-la-8%C2%BA-marcha-de-la-gorra\" target=\"_blank\" rel=\"noopener\"><strong> 8va Marcha de la Gorra<\/strong><\/a>, y la consigna de este a\u00f1o es\u00a0<em>\u201cM\u00e1s vale gorras embrollando que la Polic\u00eda matando\u201d.<\/em><\/p>\n<p>\u201cElegimos esa consigna porque pedimos por la derogaci\u00f3n del c\u00f3digo de faltas pero tambi\u00e9n por los casos de gatillo f\u00e1cil que vienen ocurriendo en la Provincia\u201d, cont\u00f3 Fernanda.<\/p>\n<p>\u201cNunca nos imaginamos que la situaci\u00f3n con las pol\u00edticas de seguridad y con el abuso policial pod\u00edan llegar a agravarse de una manera tan desmedida de llegar a matar pibes por la nuca sin ning\u00fan motivo, asesinar pibes adentro de las comisar\u00edas y hacerlo pasar por suicidios. Ante eso, nosotros tenemos un total repudio, y esta Marcha de la Gorra va a estar pidiendo: Basta de Gatillo F\u00e1cil\u201d, agreg\u00f3 Bel\u00e9n.<\/p>\n<p><img decoding=\"async\" class=\"alignleft wp-image-489 size-medium\" src=\"https:\/\/marchadelagorra.org\/wp-content\/uploads\/2014\/11\/Universidad-Abierta-1-300x199.jpg\" alt=\"Universidad Abierta (1)\" width=\"300\" height=\"199\" srcset=\"https:\/\/marchadelagorra.org\/2024\/wp-content\/uploads\/2014\/11\/Universidad-Abierta-1-300x199.jpg 300w, https:\/\/marchadelagorra.org\/2024\/wp-content\/uploads\/2014\/11\/Universidad-Abierta-1.jpg 960w\" sizes=\"(max-width: 300px) 100vw, 300px\" \/><\/p>\n<p>El Colectivo de J\u00f3venes tambi\u00e9n coment\u00f3 acerca de la <a href=\"https:\/\/marchadelagorra.org\/altoembrollo\/\"><strong>Jornadas Culturales del \u201cAlto Embrollo\u201d<\/strong> <\/a>\u00a0que se vienen realizando desde octubre y seguir\u00e1n hasta despu\u00e9s de la Marcha. Tiene que ver con diferentes actividades y espacios para concientizar y discutir sobre la seguridad. Muestras fotogr\u00e1ficas, encuentros literarios, documentales y dem\u00e1s actividades que expresan la identidad de los chicos.<\/p>\n<p>&nbsp;<\/p>\n<p>Entre las novedades de este a\u00f1o se encuentra tambi\u00e9n la Cobertura Colaborativa, que invita a todos a participar de la cobertura medi\u00e1tica de la Marcha. Fotos, videos, dibujos, spot y toda forma de comunicar es bienvenida.<\/p>\n<p>Este tema se trat\u00f3 en el<strong> programa \u201cUniversidad Abierta Radio\u201d,<\/strong> programa producido y conducido por estudiantes de la Escuela de Ciencias de la Informaci\u00f3n de la Universidad Nacional de C\u00f3rdoba. Se emite los d\u00edas domingos de 14 a 15 por Radio Universidad.<\/p>\n<p><strong>Fuente:<\/strong> <a href=\"http:\/\/www.cba24n.com.ar\/\">Cba24N<\/a><\/p>\n<p>&nbsp;<\/p>\n","protected":false},"excerpt":{"rendered":"<p>Integrantes del Colectivo de J\u00f3venes por Nuestros Derechos y Luis, vecino de barrio El Cortadero, fueron al programa radial Universidad Abierta Radio (domingos a las 14hs por Radio Universidad Am 580) y debatieron sobre las pol\u00edticas de seguridad y el C\u00f3digo de Faltas cordob\u00e9s.\u00a0 Los invitados fueron Bel\u00e9n y Fernanda,\u00a0miembros del Colectivo de J\u00f3venes por&hellip; <br \/> <a class=\"button small blue\" href=\"https:\/\/marchadelagorra.org\/2024\/las-detenciones-son-constantes-y-no-nos-sentimos-tranquilos\/\">Leer m\u00e1s<\/a><\/p>\n","protected":false},"author":3,"featured_media":484,"comment_status":"closed","ping_status":"closed","sticky":false,"template":"","format":"standard","meta":{"footnotes":""},"categories":[30,41,36],"tags":[29,43,65,32,66,33,38,45,80,40,48,97],"class_list":["post-480","post","type-post","status-publish","format-standard","has-post-thumbnail","hentry","category-8-mdlg","category-audios","category-notas","tag-20-de-noviembre","tag-8-marcha-de-la-gorra","tag-cobertura-colaborativa","tag-colectivo-de-jovenes-por-nuestros-derechos","tag-comuniacion","tag-cordoba","tag-cultura","tag-jornadas-de-expresiones-culturales-juveniles-alto-embrollo","tag-marcha-de-la-gorra-en-cordoba","tag-politicas-de-seguridad","tag-prensa","tag-universidad-abierta-radio"],"aioseo_notices":[],"_links":{"self":[{"href":"https:\/\/marchadelagorra.org\/2024\/wp-json\/wp\/v2\/posts\/480","targetHints":{"allow":["GET"]}}],"collection":[{"href":"https:\/\/marchadelagorra.org\/2024\/wp-json\/wp\/v2\/posts"}],"about":[{"href":"https:\/\/marchadelagorra.org\/2024\/wp-json\/wp\/v2\/types\/post"}],"author":[{"embeddable":true,"href":"https:\/\/marchadelagorra.org\/2024\/wp-json\/wp\/v2\/users\/3"}],"replies":[{"embeddable":true,"href":"https:\/\/marchadelagorra.org\/2024\/wp-json\/wp\/v2\/comments?post=480"}],"version-history":[{"count":0,"href":"https:\/\/marchadelagorra.org\/2024\/wp-json\/wp\/v2\/posts\/480\/revisions"}],"wp:featuredmedia":[{"embeddable":true,"href":"https:\/\/marchadelagorra.org\/2024\/wp-json\/"}],"wp:attachment":[{"href":"https:\/\/marchadelagorra.org\/2024\/wp-json\/wp\/v2\/media?parent=480"}],"wp:term":[{"taxonomy":"category","embeddable":true,"href":"https:\/\/marchadelagorra.org\/2024\/wp-json\/wp\/v2\/categories?post=480"},{"taxonomy":"post_tag","embeddable":true,"href":"https:\/\/marchadelagorra.org\/2024\/wp-json\/wp\/v2\/tags?post=480"}],"curies":[{"name":"wp","href":"https:\/\/api.w.org\/{rel}","templated":true}]}}