{"id":391,"date":"2014-11-13T14:39:22","date_gmt":"2014-11-13T14:39:22","guid":{"rendered":"https:\/\/marchadelagorra.org\/?p=391"},"modified":"2014-11-13T14:39:22","modified_gmt":"2014-11-13T14:39:22","slug":"mdlg-2013-la-historia-se-pinto-con-aerosol","status":"publish","type":"post","link":"https:\/\/marchadelagorra.org\/2024\/mdlg-2013-la-historia-se-pinto-con-aerosol\/","title":{"rendered":"MDLG 2013: La historia se pint\u00f3 con aerosol"},"content":{"rendered":"<p>Ra\u00fal se apoya en su bast\u00f3n y ve pasar a los j\u00f3venes. Pero tambi\u00e9n se ve el mismo en esos rostros, aunque con m\u00e1s libertad. Ve su pasado de bombos y banderas desde su presente de bast\u00f3n y lentes, pero con las convicciones intactas.<\/p>\n<p>Es el mi\u00e9rcoles de la soberan\u00eda. La concentraci\u00f3n espera la orden de los organizadores que euf\u00f3ricos pasan primero por las c\u00e1maras de TV y los micr\u00f3fonos de Radio. Porque si no lo hacen, para algunos, nada pas\u00f3. En la vida hay que elegir. Y los que elegimos ir tendremos el privilegio de sentir que por unas horas la urbe se concentra en el bullicio que grita una causa: la derogaci\u00f3n del C\u00f3digo de Faltas. Y con ella vienen flores, imanes, humos, letras, ni\u00f1os, artesanos, corrientes, militantes, barbas, calvos, rastas, aerosoles, musculosas, cicatrices, tatuajes, pieles\u2026historias.<\/p>\n<p>Una sirena empieza a sonar fuerte y parece encender la energ\u00eda de aquell@s que conocen bien el sonido (y le temen). El \u201cBichi\u201d Luque grita varias veces \u201cAlerta! Alerta!\u201d y la masa comienza a movilizarse mucho m\u00e1s lento que el viento, que a esa hora es fuerte y amenazante. Pero no tanto como la mirada de los uniformes que criminalizaron un estilo de vida apoyados en la repudiada normativa.<\/p>\n<p>La marcha ya es fiesta. Los mortales que caminan por la vereda circunstancialmente no miran los mosaicos con sus auriculares al palo, sino que algunos se detienen a observar, a fotografiar, a preguntar, y se bajan a la calle. El paso es lento y alternado. A cada grito de \u201c\u00a1\u00a1Vamooos!!\u201d la movida gana unos metros. La diversidad eriza la piel. No es pol\u00edtica, es el pueblo. Hay un ni\u00f1o de dos a\u00f1os que con esfuerzo levanta sus dedos en V y se deja fotografiar en los hombros de su padre. Otros fueron all\u00ed a jugar, con sus autitos de pl\u00e1sticos atado a los piolines. Hay remeras del Che, de N\u00e9stor, de Ch\u00e1vez; pero tambi\u00e9n hay de Callejeros, Los Redondos y La Mona. No hay algunos colores\u2026 est\u00e1n todos.<\/p>\n<p>Luego de enterarme que Ra\u00fal no estaba de paso y es un antiguo militante, le pregunto ingenuamente si toda la vida lo hizo. \u201cY no\u2026 hubo un momento que no se pod\u00eda\u201d respondi\u00f3 mir\u00e1ndome a los ojos con una sonrisa que a\u00fan esconde cierto temor. \u201cEstoy ac\u00e1 para pensar lo que pasa en la TV y en los diarios, esto antes no se pod\u00eda y manipulaban verdades\u201d, dijo Ra\u00fal y me resumi\u00f3 en esa frase libros enteros de antropolog\u00eda. \u201cHacete el boludo y dale charla a esa se\u00f1ora\u2026 haceme caso\u201d, me aconseja.<\/p>\n<p>Cuando estoy a punto de acercarme a ella, Liliana Olivero, la referente de Izquierda que denuncia el fraude electoral, la ve y conversa con ella un rato. Es Cristina. Se concentra poco en mis palabras porque esta buscando a su marido, hasta que sus ojos custodiados por unas ojeras cansadas me miran para decirme: \u201cEstuve en Devoto cuatro a\u00f1os. Soy ex presa pol\u00edtica y con suerte, porque todos mis compa\u00f1eros est\u00e1n muertos\u201d. El hombre al que espera fue secuestrado y privado de su libertad por siete a\u00f1os y el que le dio la vida, fusilado. \u201cEl gobierno provincial ha vuelto a instaurar el miedo y el neoliberalismo\u201d, reclama.<\/p>\n<p>Oscurece pero las luces esperanzadoras de las 15 mil almas no se apagan. La acci\u00f3n simb\u00f3lica de elevar las banderas, todas al mismo tiempo y una atr\u00e1s de otra, las une en el aire; las une una causa. Unos universitarios encienden la primera bengala y un hombre de cincuenta y pico con una chomba del Pirata y su bici al lado toma fotos con su tel\u00e9fono. Su amigo viste m\u00e1s formal, con una de piqu\u00e9 color salm\u00f3n. Me acerco. Alberto es otro experto militante vestido de civil cuyas l\u00e1grimas no tardan en invadir los ojos cuando escucha la marcha peronista versi\u00f3n batucada. \u201cEsto es volver a vivir\u201d, dice. \u201cA los j\u00f3venes lo \u00fanico que los separa son los dirigentes pol\u00edticos, esta marcha es espectacular\u201d, opina Alberto.<\/p>\n<p>La ciudad es un tapiz en blanco que se va llenando de frases. La historia se esta escribiendo y los pibes est\u00e1n gritando para se parte. La historia se pinta con aerosol.<\/p>\n<p>Llegamos a la Plaza. \u00cdcono universal de toda manifestaci\u00f3n. El Colectivo Jovenes por Nuestros Derechos espera unos minutos para que llegue la caravana de zapatillas, ojotas, alpargatas y talones. En el escenario ya est\u00e1 el \u201cBichi\u201d con la mam\u00e1 de Facu y Jorgito Reyna. La lectura del documento que justifica la marcha es un grito desgarrador que pide un freno a la C\u00f3rdoba que no para de reprimir.<\/p>\n<p>Las sensaciones nos hacen retroceder a un pasillo oscuro en la historia nacional. Gritamos, hoy, en 2013, \u201c\u00a1Nunca M\u00e1s!\u201d. Cristina est\u00e1 parada frente al escenario y grita suave \u201cpresente\u201d con los dedos en V respondiendo por cada cordob\u00e9s desaparecido en democracia. C\u00f3rdoba no aprende de los dolores del pasado. Ya lo dijo Deodoro Roca; los dolores que quedan, son las libertades que faltan.<\/p>\n<p>Por <em>Emiliano Eandi<\/em><\/p>\n","protected":false},"excerpt":{"rendered":"<p>Ra\u00fal se apoya en su bast\u00f3n y ve pasar a los j\u00f3venes. Pero tambi\u00e9n se ve el mismo en esos rostros, aunque con m\u00e1s libertad. Ve su pasado de bombos y banderas desde su presente de bast\u00f3n y lentes, pero con las convicciones intactas. Es el mi\u00e9rcoles de la soberan\u00eda. La concentraci\u00f3n espera la orden&hellip; <br \/> <a class=\"button small blue\" href=\"https:\/\/marchadelagorra.org\/2024\/mdlg-2013-la-historia-se-pinto-con-aerosol\/\">Leer m\u00e1s<\/a><\/p>\n","protected":false},"author":3,"featured_media":392,"comment_status":"closed","ping_status":"closed","sticky":false,"template":"","format":"standard","meta":{"footnotes":""},"categories":[30,36],"tags":[85,86,87,88,89,90],"class_list":["post-391","post","type-post","status-publish","format-standard","has-post-thumbnail","hentry","category-8-mdlg","category-notas","tag-aborto","tag-catedral","tag-centro","tag-marcha-de-la-gorra-2013","tag-pintadas","tag-plaza"],"aioseo_notices":[],"_links":{"self":[{"href":"https:\/\/marchadelagorra.org\/2024\/wp-json\/wp\/v2\/posts\/391","targetHints":{"allow":["GET"]}}],"collection":[{"href":"https:\/\/marchadelagorra.org\/2024\/wp-json\/wp\/v2\/posts"}],"about":[{"href":"https:\/\/marchadelagorra.org\/2024\/wp-json\/wp\/v2\/types\/post"}],"author":[{"embeddable":true,"href":"https:\/\/marchadelagorra.org\/2024\/wp-json\/wp\/v2\/users\/3"}],"replies":[{"embeddable":true,"href":"https:\/\/marchadelagorra.org\/2024\/wp-json\/wp\/v2\/comments?post=391"}],"version-history":[{"count":0,"href":"https:\/\/marchadelagorra.org\/2024\/wp-json\/wp\/v2\/posts\/391\/revisions"}],"wp:featuredmedia":[{"embeddable":true,"href":"https:\/\/marchadelagorra.org\/2024\/wp-json\/"}],"wp:attachment":[{"href":"https:\/\/marchadelagorra.org\/2024\/wp-json\/wp\/v2\/media?parent=391"}],"wp:term":[{"taxonomy":"category","embeddable":true,"href":"https:\/\/marchadelagorra.org\/2024\/wp-json\/wp\/v2\/categories?post=391"},{"taxonomy":"post_tag","embeddable":true,"href":"https:\/\/marchadelagorra.org\/2024\/wp-json\/wp\/v2\/tags?post=391"}],"curies":[{"name":"wp","href":"https:\/\/api.w.org\/{rel}","templated":true}]}}