{"id":368,"date":"2014-11-11T15:02:58","date_gmt":"2014-11-11T15:02:58","guid":{"rendered":"https:\/\/marchadelagorra.org\/?p=368"},"modified":"2014-11-11T15:02:58","modified_gmt":"2014-11-11T15:02:58","slug":"encuentro-mixto-de-futbol-embrollando-por-la-gorra","status":"publish","type":"post","link":"https:\/\/marchadelagorra.org\/2024\/encuentro-mixto-de-futbol-embrollando-por-la-gorra\/","title":{"rendered":"Encuentro Mixto de Futbol \u00abEmbrollando por la gorra\u00bb"},"content":{"rendered":"<p><img fetchpriority=\"high\" decoding=\"async\" class=\"aligncenter size-full wp-image-369\" src=\"https:\/\/marchadelagorra.org\/wp-content\/uploads\/2014\/11\/Encuentro-Mixto-de-Futbol-Embrollando-por-la-gorra.jpg\" alt=\"Encuentro Mixto de Futbol Embrollando por la gorra\" width=\"800\" height=\"600\" \/><\/p>\n<p><span class=\"fsl\">Lxs invitamos a todxs a participar del <strong>Primer Encuentro de Futbol Mixto <\/strong>a beneficio de la <strong>Marcha de la Gorra 2014.<\/strong><\/span><\/p>\n<p><span class=\"fsl\">Te esperamos con todas las ganas para disfrutar de esta jornada de juego, diversi\u00f3n, alegr\u00eda y lucha colectiva, cooperativa. Ya est\u00e1n abierta las inscripciones. Podes inscribir a tu organizaci\u00f3n, agrupacion, murga, colectivo, a tu equipo, a quien quieras&#8230;<br \/>\nCae con tu hinchada de frente mar.<br \/>\nLos esperamos para seguir embrollando la gorra!<br \/>\nApartir de los 14 a\u00f1os hasta donde se de.<br \/>\nPara inscribir a tu equipo, <strong>llama al numero 3517042549<\/strong>. Danos el nombre del equipo y el numero de un responsable del mismo, solicitamos de esta manera para conformar los fixture del encuentro!<\/span><\/p>\n<p>El dia del encuentro, se van a llenar planillas y se les cobrara la inscripci\u00f3n! muchas gracias!, buen sabado y todos a la marcha de la diversidad! salute!<\/p>\n[button link=\u00bbhttps:\/\/www.facebook.com\/events\/1507966459478774\/?ref=3&amp;ref_newsfeed_story_type=regular\u00bb icon=\u00bbfa-gamepad\u00bb side=\u00bbleft\u00bb target=\u00bbblank\u00bb color=\u00bb055eb7&#8243; textcolor=\u00bbffffff\u00bb]Evento Facebook[\/button]\n","protected":false},"excerpt":{"rendered":"<p>Lxs invitamos a todxs a participar del Primer Encuentro de Futbol Mixto a beneficio de la Marcha de la Gorra 2014. Te esperamos con todas las ganas para disfrutar de esta jornada de juego, diversi\u00f3n, alegr\u00eda y lucha colectiva, cooperativa. Ya est\u00e1n abierta las inscripciones. Podes inscribir a tu organizaci\u00f3n, agrupacion, murga, colectivo, a tu&hellip; <br \/> <a class=\"button small blue\" href=\"https:\/\/marchadelagorra.org\/2024\/encuentro-mixto-de-futbol-embrollando-por-la-gorra\/\">Leer m\u00e1s<\/a><\/p>\n","protected":false},"author":3,"featured_media":369,"comment_status":"closed","ping_status":"closed","sticky":false,"template":"","format":"standard","meta":{"footnotes":""},"categories":[30],"tags":[43,53,54,55,56,57,58,59,60,61,62,63],"class_list":["post-368","post","type-post","status-publish","format-standard","has-post-thumbnail","hentry","category-8-mdlg","tag-8-marcha-de-la-gorra","tag-a-tu-equipo","tag-agrupacion","tag-alegria-y-lucha-colectiva","tag-colectivo","tag-cooperativa","tag-diversion","tag-jornada-de-juego","tag-marcha-de-la-gorra-2014","tag-murga","tag-primer-encuentro-de-futbol-mixto","tag-rganizacion"],"aioseo_notices":[],"_links":{"self":[{"href":"https:\/\/marchadelagorra.org\/2024\/wp-json\/wp\/v2\/posts\/368","targetHints":{"allow":["GET"]}}],"collection":[{"href":"https:\/\/marchadelagorra.org\/2024\/wp-json\/wp\/v2\/posts"}],"about":[{"href":"https:\/\/marchadelagorra.org\/2024\/wp-json\/wp\/v2\/types\/post"}],"author":[{"embeddable":true,"href":"https:\/\/marchadelagorra.org\/2024\/wp-json\/wp\/v2\/users\/3"}],"replies":[{"embeddable":true,"href":"https:\/\/marchadelagorra.org\/2024\/wp-json\/wp\/v2\/comments?post=368"}],"version-history":[{"count":0,"href":"https:\/\/marchadelagorra.org\/2024\/wp-json\/wp\/v2\/posts\/368\/revisions"}],"wp:featuredmedia":[{"embeddable":true,"href":"https:\/\/marchadelagorra.org\/2024\/wp-json\/"}],"wp:attachment":[{"href":"https:\/\/marchadelagorra.org\/2024\/wp-json\/wp\/v2\/media?parent=368"}],"wp:term":[{"taxonomy":"category","embeddable":true,"href":"https:\/\/marchadelagorra.org\/2024\/wp-json\/wp\/v2\/categories?post=368"},{"taxonomy":"post_tag","embeddable":true,"href":"https:\/\/marchadelagorra.org\/2024\/wp-json\/wp\/v2\/tags?post=368"}],"curies":[{"name":"wp","href":"https:\/\/api.w.org\/{rel}","templated":true}]}}