{"id":353,"date":"2014-11-11T13:01:50","date_gmt":"2014-11-11T13:01:50","guid":{"rendered":"https:\/\/marchadelagorra.org\/?p=353"},"modified":"2014-11-11T13:01:50","modified_gmt":"2014-11-11T13:01:50","slug":"vivo-aca-gatillo-facil","status":"publish","type":"post","link":"https:\/\/marchadelagorra.org\/2024\/vivo-aca-gatillo-facil\/","title":{"rendered":"Vivo ac\u00e1. Gatillo f\u00e1cil"},"content":{"rendered":"<p>Columna del colectivo <a href=\"http:\/\/fmlatribu.com\/\"><strong>FM La Tribu<\/strong><\/a> en el programa\u00a0<strong><a href=\"https:\/\/www.facebook.com\/revueltoderadio\">Revuelto Gramajo <\/a><\/strong><\/p>\n<p>%MEDIA2%<\/p>\n<p><a href=\"https:\/\/ia601400.us.archive.org\/26\/items\/VIVOACA5GATILLOFACIL\/VIVO%20ACA%205%20-%20GATILLO%20FACIL.mp3\"><strong>Gatillo f\u00e1cil \u2013 \u201cLa marcha de la gorra\u201d por el Colectivo de J\u00f3venes por Nuestros Derechos de C\u00f3rdoba<\/strong><\/a><\/p>\n<p>Informe del programa Revuelto Gramajo sobre Gatillo f\u00e1cil.<\/p>\n<p>La voz del Colectivo de J\u00f3venes por Nuestros Derechos, el asesinato de\u00a0Fernando \u201cGuer\u00e9\u201d Pellico, gatillo f\u00e1cil, pol\u00edticas de seguridad, C\u00f3rdoba.<\/p>\n<p><img fetchpriority=\"high\" decoding=\"async\" class=\"alignnone size-full wp-image-354\" src=\"https:\/\/marchadelagorra.org\/wp-content\/uploads\/2014\/11\/El-guere.jpg\" alt=\"El guere\" width=\"640\" height=\"514\" \/><\/p>\n","protected":false},"excerpt":{"rendered":"<p>Columna del colectivo FM La Tribu en el programa\u00a0Revuelto Gramajo %MEDIA2% Gatillo f\u00e1cil \u2013 \u201cLa marcha de la gorra\u201d por el Colectivo de J\u00f3venes por Nuestros Derechos de C\u00f3rdoba Informe del programa Revuelto Gramajo sobre Gatillo f\u00e1cil. La voz del Colectivo de J\u00f3venes por Nuestros Derechos, el asesinato de\u00a0Fernando \u201cGuer\u00e9\u201d Pellico, gatillo f\u00e1cil, pol\u00edticas de&hellip; <br \/> <a class=\"button small blue\" href=\"https:\/\/marchadelagorra.org\/2024\/vivo-aca-gatillo-facil\/\">Leer m\u00e1s<\/a><\/p>\n","protected":false},"author":3,"featured_media":354,"comment_status":"closed","ping_status":"closed","sticky":false,"template":"","format":"standard","meta":{"footnotes":""},"categories":[30,41],"tags":[31,32,33,37,40,52],"class_list":["post-353","post","type-post","status-publish","format-standard","has-post-thumbnail","hentry","category-8-mdlg","category-audios","tag-codigo-de-faltas","tag-colectivo-de-jovenes-por-nuestros-derechos","tag-cordoba","tag-jovenes","tag-politicas-de-seguridad","tag-sociedad"],"aioseo_notices":[],"_links":{"self":[{"href":"https:\/\/marchadelagorra.org\/2024\/wp-json\/wp\/v2\/posts\/353","targetHints":{"allow":["GET"]}}],"collection":[{"href":"https:\/\/marchadelagorra.org\/2024\/wp-json\/wp\/v2\/posts"}],"about":[{"href":"https:\/\/marchadelagorra.org\/2024\/wp-json\/wp\/v2\/types\/post"}],"author":[{"embeddable":true,"href":"https:\/\/marchadelagorra.org\/2024\/wp-json\/wp\/v2\/users\/3"}],"replies":[{"embeddable":true,"href":"https:\/\/marchadelagorra.org\/2024\/wp-json\/wp\/v2\/comments?post=353"}],"version-history":[{"count":0,"href":"https:\/\/marchadelagorra.org\/2024\/wp-json\/wp\/v2\/posts\/353\/revisions"}],"wp:featuredmedia":[{"embeddable":true,"href":"https:\/\/marchadelagorra.org\/2024\/wp-json\/"}],"wp:attachment":[{"href":"https:\/\/marchadelagorra.org\/2024\/wp-json\/wp\/v2\/media?parent=353"}],"wp:term":[{"taxonomy":"category","embeddable":true,"href":"https:\/\/marchadelagorra.org\/2024\/wp-json\/wp\/v2\/categories?post=353"},{"taxonomy":"post_tag","embeddable":true,"href":"https:\/\/marchadelagorra.org\/2024\/wp-json\/wp\/v2\/tags?post=353"}],"curies":[{"name":"wp","href":"https:\/\/api.w.org\/{rel}","templated":true}]}}