{"id":339,"date":"2014-11-10T22:35:18","date_gmt":"2014-11-10T22:35:18","guid":{"rendered":"https:\/\/marchadelagorra.org\/?p=339"},"modified":"2014-11-10T22:35:18","modified_gmt":"2014-11-10T22:35:18","slug":"el-codigo-de-los-gobernantes-en-falta","status":"publish","type":"post","link":"https:\/\/marchadelagorra.org\/2024\/el-codigo-de-los-gobernantes-en-falta\/","title":{"rendered":"El c\u00f3digo de los gobernantes, en falta"},"content":{"rendered":"<p><strong><a href=\"https:\/\/marchadelagorra.org\/wp-content\/uploads\/2014\/11\/CodigoGobernantesenFalta-Abr14.pdf\"><em>El Gobierno de la provincia busca modificar el C\u00f3digo de Faltas para que nada cambie<\/em><\/a><\/strong><\/p>\n<p><strong>\u00abTu seguridad nos limita, nuestra resistencia es infinita\u00bb<\/strong> expres\u00f3 la <a title=\"7 Marcha de la Gorra\" href=\"http:\/\/prensa.colectivodejovenes.org\/\" target=\"_blank\" rel=\"noopener\"><strong>7\u00aa Marcha de la Gorra<\/strong><\/a> convocada por decenas de miles de j\u00f3venes y actores pol\u00edticos de la Provincia de C\u00f3rdoba.<br \/>\nEl actual Gobierno hered\u00f3 un C\u00f3digo de Faltas aprobado por la UCR, que tiene por objeto castigar conductas que perjudican la vida cotidiana y busca facilitar la convivencia. Sin embargo, su aplicaci\u00f3n contradice el sentido de la Ley. Se ha instalado, mediante una Polic\u00eda cada vez m\u00e1s represiva un C\u00f3digo de persecuci\u00f3n contra cientos de j\u00f3venes, trabajadores y personas marginalizadas que terminan presas todos los d\u00edas bajo la figura de contravenci\u00f3n.<br \/>\nEste modelo de seguridad limita los derechos consagrados por la Constituci\u00f3n Nacional y as\u00ed lo venimos denunciando distintas organizaciones desde hace 20 a\u00f1os. El proceso de resistencia a la \u00abTolerancia Cero\u00bb exige la derogaci\u00f3n del C\u00f3digo de Faltas.<br \/>\n<img fetchpriority=\"high\" decoding=\"async\" class=\"alignleft size-full wp-image-340\" src=\"https:\/\/marchadelagorra.org\/wp-content\/uploads\/2014\/11\/CodigoGobernantesenFalta-Abr14.jpg\" alt=\"CodigoGobernantesenFalta-Abr14\" width=\"423\" height=\"529\" \/>El gobernador Jos\u00e9 Manuel De la Sota no est\u00e1 dispuesto a reconocer y modificar las verdaderas ra\u00edces de las \u00abconductas que perjudican la vida cotidiana\u00bb. En lugar de fomentar la cultura, la educaci\u00f3n, de afrontar el narcotr\u00e1fico, de resolver la crisis productiva, la desocupaci\u00f3n y la pobreza; propone darle una lavada de cara al C\u00f3digo de Faltas para generar consensos sociales, saldar cr\u00edticas a las pol\u00edticas de seguridad y sostener el poder represivo que conserva lo instituido.<br \/>\nPara asegurar el buen vivir de toda la sociedad, para que no haya robos, los modelos de seguridad funcionen y la violencia pueda superarse, ineludiblemente las cosas tienen que cambiar. No puede existir la paz social de la que habla el gobernador mientras haya sectores acomodados y enriquecidos, que se aprovechan del fruto del trabajo, el esfuerzo y el sufrimiento ajeno. Ni tampoco, mientras exista el C\u00f3digo de Faltas, que vela por la seguridad de unos pocos.<br \/>\nEsta herramienta represiva genera un gasto p\u00fablico excesivo que deber\u00eda ser invertido en mejorar la calidad de vida de las personas. Con el invento de una provincia m\u00e1s segura se duplic\u00f3 el gasto en la instituci\u00f3n policial, llenando los territorios de uniformados que no combaten el delito y la violencia sino que los generan, a la vez que instalan mecanismos arbitrarios para perseguir y detener a las personas por su aspecto f\u00edsico, su lugar de procedencia y su condici\u00f3n social.<\/p>\n<h3><strong>\u00bfPor qu\u00e9 derogar el C\u00f3digo de Faltas?<\/strong><\/h3>\n<p><strong>INCONSTITUCIONALIDAD:<\/strong> permite un encarcelamiento selectivo de gran alcance, sin orden judicial ni la garant\u00eda de defensa, no haciendo efectiva la divisi\u00f3n de poderes de nuestro sistema, ni contemplando un leg\u00edtimo mecanismo<br \/>\njudicial de control externo de la fuerza policial.<br \/>\n<strong>VAGEDAD\/AMBIG\u00dcEDAD:<\/strong> el C\u00f3digo de Faltas no define claramente la conducta prohibida y encubre un inaceptable<br \/>\nreproche moral a aspectos de la vida privada de las personas. Deja lugar a la sola voluntad policial (arbitrariedad) que permite que la misma fuerza represiva juzgue y condene a la persona.<br \/>\n<strong>ARBITRARIEDAD:<\/strong> dada la ambig\u00fcedad para determinar las conductas, queda a criterio de las fuerzas policiales la aplicaci\u00f3n y sanci\u00f3n de las mismas, violando el principio de la legalidad.<br \/>\n<strong>CRIMINALIZACI\u00d3N DE LA POBREZA:<\/strong> las caracter\u00edsticas f\u00edsicas, la clase social y la cultura barrial han sido los criterios de estigmatizaci\u00f3n y segregaci\u00f3n de las\/los cordobeses: limpia vidrios, trabajadoras sexuales, j\u00f3venes de barrios. A su vez la represi\u00f3n en los espacios p\u00fablicos garantiza la gobernabilidad.<br \/>\n<strong>NULO ACCESO A INFORMACI\u00d3N P\u00daBLICA:<\/strong> a\u00fan sabiendo que la informaci\u00f3n acerca de la cantidad de detenciones amparadas en el C\u00f3digo de Faltas deja por fuera situaciones de abuso policial cotidianas, previas o durante la detenci\u00f3n; las organizaciones sociales, como actores pol\u00edticos, demandamos nuestro derecho al acceso a la informaci\u00f3n p\u00fablica, ya que se trata de una herramienta fundamental para el control civil de las fuerzas de seguridad.<br \/>\n<strong>APLICACI\u00d3N DEL C\u00d3DIGO EN EL INTERIOR PROVINCIAL:<\/strong> se profundiza la impunidad policial al existir poca visibilidad medi\u00e1tica y social del avasallamiento de derechos y garant\u00edas que permite el C\u00f3digo.<\/p>\n<p>Desde el conjunto de organizaciones sociales que venimos resistiendo desde hace a\u00f1os ante la vulneraci\u00f3n de derechos y garant\u00edas constitucionales de una significativa cantidad de cordobeses, nos posicionamos como actores pol\u00edticos claves, capaces de entrar en la discusi\u00f3n y en \u00e1mbitos de toma de decisiones, donde la perspectiva de la sociedad organizada sea reconocida y considerada por un sistema que deber\u00eda ser justo e igualitario.<\/p>\n<h3><strong>Las organizaciones sociales\u2026<\/strong><\/h3>\n<p><strong>Proponemos:<\/strong><br \/>\n-Derogar el C\u00f3digo de Faltas.<\/p>\n<p><strong>Exigimos:<\/strong><br \/>\n-Que las pol\u00edticas de seguridad impliquen el acceso real a la salud, educaci\u00f3n, cultura, porque entendemos que la seguridad es la total cobertura de nuestros derechos.<br \/>\n-Que se nos reconozca como actores pol\u00edticos.<br \/>\n-El control civil y democratizaci\u00f3n de las fuerzas de seguridad.<br \/>\n-El acceso a informaci\u00f3n p\u00fablica sobre la cantidad real de detenciones generadas por el C\u00f3digo de Faltas.<\/p>\n<p><strong>Decimos:<\/strong><br \/>\n&#8211;<strong>\u00a1Basta de criminalizar las luchas sociales!<\/strong> Terminar con las pol\u00edticas de persecuci\u00f3n y represi\u00f3n de los sectores organizados.<br \/>\n&#8211;<strong>\u00a1Basta de perseguir y criminalizar a las trabajadoras sexuales aut\u00f3nomas!<\/strong> Por una b\u00fasqueda REAL de las<br \/>\nv\u00edctimas de trata.<br \/>\n&#8211;<strong>\u00a1Basta de abuso policial!<\/strong><\/p>\n<p>Para que no nos sigan faltando los Facundo Rivera Alegre, las Yamila Cuello, los Pin Medina, los Luciano Arruga, los Maximiliano Acosta, los Jorge Reyna, los Ian Dur\u00e1n y todos y todas los asesinados y desaparecidos en democracia. Es tiempo de resolver el problema de una sociedad para pocos que acarrea m\u00e1s violencia social, injusticia y sufrimientos de todo tipo.<br \/>\nLa organizaci\u00f3n de los sectores castigados por las pol\u00edticas de Gobierno es la salida m\u00e1s real que tiene la sociedad porque las balas que zumban los barrios son sembradas por el mismo aparato pol\u00edtico y policial que no da respuestas efectivas a los distintos problemas que nos afectan.<\/p>\n<p><strong>ADHIEREN:<\/strong><br \/>\nAMMAR \u00b7 Asociaci\u00f3n Civil El \u00c1gora \u00b7 Biblioteca Popular Bella Vista \u00b7 Biciurbanos \u00b7 Casa de los J\u00f3venes Malvinas Argentinas \u00b7 Colectivo de J\u00f3venes por Nuestro Derechos \u00b7 Coordinadora Antirrepresiva \u00b7 EO \u00b7 Federaci\u00f3n Juvenil Comunista \u00b7 FOCCoF \u00b7 La Minga \u00b7 Liga Argentina por los Derechos del Hombre \u00b7 Partido Comunista \u00b7 Partido Encuentro &#8211; EDE \u00b7 Promotores de Salud Villa Allende \u00b7 Radio Sur<\/p>\n<h3 id=\"watch-headline-title\" class=\"yt\"><span id=\"eow-title\" class=\"watch-title long-title \" dir=\"ltr\" title=\"Radio Abierta - El C\u00f3digo de los Gobernantes en Falta - Intervenci\u00f3n Art\u00edstica: Marco Esqueche\">Radio Abierta &#8211; El C\u00f3digo de los Gobernantes en Falta &#8211; Intervenci\u00f3n Art\u00edstica: Marco Esqueche<\/span><\/h3>\n<p>%MEDIA5%<\/p>\n<h3 id=\"watch-headline-title\" class=\"yt\"><span id=\"eow-title\" class=\"watch-title long-title \" dir=\"ltr\" title=\"Los c\u00f3digos de los gobernantes en falta  Segmento Voces\"> Los c\u00f3digos de los gobernantes en falta Segmento Voces <\/span><\/h3>\n<p>%MEDIA6%<\/p>\n","protected":false},"excerpt":{"rendered":"<p>El Gobierno de la provincia busca modificar el C\u00f3digo de Faltas para que nada cambie \u00abTu seguridad nos limita, nuestra resistencia es infinita\u00bb expres\u00f3 la 7\u00aa Marcha de la Gorra convocada por decenas de miles de j\u00f3venes y actores pol\u00edticos de la Provincia de C\u00f3rdoba. El actual Gobierno hered\u00f3 un C\u00f3digo de Faltas aprobado por&hellip; <br \/> <a class=\"button small blue\" href=\"https:\/\/marchadelagorra.org\/2024\/el-codigo-de-los-gobernantes-en-falta\/\">Leer m\u00e1s<\/a><\/p>\n","protected":false},"author":3,"featured_media":346,"comment_status":"closed","ping_status":"closed","sticky":false,"template":"","format":"standard","meta":{"footnotes":""},"categories":[30,36],"tags":[31,32,33,50,38,51,37,40,52],"class_list":["post-339","post","type-post","status-publish","format-standard","has-post-thumbnail","hentry","category-8-mdlg","category-notas","tag-codigo-de-faltas","tag-colectivo-de-jovenes-por-nuestros-derechos","tag-cordoba","tag-criminalizacion-de-la-pobreza","tag-cultura","tag-educacion","tag-jovenes","tag-politicas-de-seguridad","tag-sociedad"],"aioseo_notices":[],"_links":{"self":[{"href":"https:\/\/marchadelagorra.org\/2024\/wp-json\/wp\/v2\/posts\/339","targetHints":{"allow":["GET"]}}],"collection":[{"href":"https:\/\/marchadelagorra.org\/2024\/wp-json\/wp\/v2\/posts"}],"about":[{"href":"https:\/\/marchadelagorra.org\/2024\/wp-json\/wp\/v2\/types\/post"}],"author":[{"embeddable":true,"href":"https:\/\/marchadelagorra.org\/2024\/wp-json\/wp\/v2\/users\/3"}],"replies":[{"embeddable":true,"href":"https:\/\/marchadelagorra.org\/2024\/wp-json\/wp\/v2\/comments?post=339"}],"version-history":[{"count":0,"href":"https:\/\/marchadelagorra.org\/2024\/wp-json\/wp\/v2\/posts\/339\/revisions"}],"wp:featuredmedia":[{"embeddable":true,"href":"https:\/\/marchadelagorra.org\/2024\/wp-json\/wp\/v2\/menu-items\/346"}],"wp:attachment":[{"href":"https:\/\/marchadelagorra.org\/2024\/wp-json\/wp\/v2\/media?parent=339"}],"wp:term":[{"taxonomy":"category","embeddable":true,"href":"https:\/\/marchadelagorra.org\/2024\/wp-json\/wp\/v2\/categories?post=339"},{"taxonomy":"post_tag","embeddable":true,"href":"https:\/\/marchadelagorra.org\/2024\/wp-json\/wp\/v2\/tags?post=339"}],"curies":[{"name":"wp","href":"https:\/\/api.w.org\/{rel}","templated":true}]}}