{"id":337,"date":"2014-11-11T14:31:05","date_gmt":"2014-11-11T14:31:05","guid":{"rendered":"https:\/\/marchadelagorra.org\/?p=337"},"modified":"2014-11-11T14:31:05","modified_gmt":"2014-11-11T14:31:05","slug":"audios-previa-mdlg-con-alto-embrollo","status":"publish","type":"post","link":"https:\/\/marchadelagorra.org\/2024\/audios-previa-mdlg-con-alto-embrollo\/","title":{"rendered":"Audios: previa MDLG con Alto Embrollo"},"content":{"rendered":"<p>En el marco de la <strong>8\u00b0 Marcha de la Gorra<\/strong> se est\u00e1n realizando distintas <strong>Jornadas de Expresiones Culturales Juveniles Alto Embrollo<\/strong>.<\/p>\n<p>Te invitamos a escuchar y difundir algunas de las art\u00edsticas radiales que invitan a las actividades, a la p\u00e1gina web y por supuesto a marchar por las calles el pr\u00f3ximo <strong>20 de noviembre a las 18 hs.<\/strong><\/p>\n<h3>Invitaci\u00f3n a la MDLG 2014<\/h3>\n<p>%MEDIA1%<\/p>\n<h3>Llamada para participar del Alto Embrollo!<\/h3>\n<p>%MEDIA3%<\/p>\n<h3>Invitaci\u00f3n a visitar P\u00e1gina Web www.marchadelagorra.org<\/h3>\n<p>%MEDIA4%<\/p>\n","protected":false},"excerpt":{"rendered":"<p>En el marco de la 8\u00b0 Marcha de la Gorra se est\u00e1n realizando distintas Jornadas de Expresiones Culturales Juveniles Alto Embrollo. Te invitamos a escuchar y difundir algunas de las art\u00edsticas radiales que invitan a las actividades, a la p\u00e1gina web y por supuesto a marchar por las calles el pr\u00f3ximo 20 de noviembre a&hellip; <br \/> <a class=\"button small blue\" href=\"https:\/\/marchadelagorra.org\/2024\/audios-previa-mdlg-con-alto-embrollo\/\">Leer m\u00e1s<\/a><\/p>\n","protected":false},"author":3,"featured_media":367,"comment_status":"closed","ping_status":"closed","sticky":false,"template":"","format":"standard","meta":{"footnotes":""},"categories":[30,41],"tags":[29,43,44,45,46,47,48,49],"class_list":["post-337","post","type-post","status-publish","format-standard","has-post-thumbnail","hentry","category-8-mdlg","category-audios","tag-20-de-noviembre","tag-8-marcha-de-la-gorra","tag-cobertura","tag-jornadas-de-expresiones-culturales-juveniles-alto-embrollo","tag-mdlg-2014-2","tag-plaza-el-fundador","tag-prensa","tag-web-marcha-de-la-gorra"],"aioseo_notices":[],"_links":{"self":[{"href":"https:\/\/marchadelagorra.org\/2024\/wp-json\/wp\/v2\/posts\/337","targetHints":{"allow":["GET"]}}],"collection":[{"href":"https:\/\/marchadelagorra.org\/2024\/wp-json\/wp\/v2\/posts"}],"about":[{"href":"https:\/\/marchadelagorra.org\/2024\/wp-json\/wp\/v2\/types\/post"}],"author":[{"embeddable":true,"href":"https:\/\/marchadelagorra.org\/2024\/wp-json\/wp\/v2\/users\/3"}],"replies":[{"embeddable":true,"href":"https:\/\/marchadelagorra.org\/2024\/wp-json\/wp\/v2\/comments?post=337"}],"version-history":[{"count":0,"href":"https:\/\/marchadelagorra.org\/2024\/wp-json\/wp\/v2\/posts\/337\/revisions"}],"wp:featuredmedia":[{"embeddable":true,"href":"https:\/\/marchadelagorra.org\/2024\/wp-json\/"}],"wp:attachment":[{"href":"https:\/\/marchadelagorra.org\/2024\/wp-json\/wp\/v2\/media?parent=337"}],"wp:term":[{"taxonomy":"category","embeddable":true,"href":"https:\/\/marchadelagorra.org\/2024\/wp-json\/wp\/v2\/categories?post=337"},{"taxonomy":"post_tag","embeddable":true,"href":"https:\/\/marchadelagorra.org\/2024\/wp-json\/wp\/v2\/tags?post=337"}],"curies":[{"name":"wp","href":"https:\/\/api.w.org\/{rel}","templated":true}]}}