{"id":333,"date":"2014-11-10T02:58:18","date_gmt":"2014-11-10T02:58:18","guid":{"rendered":"https:\/\/marchadelagorra.org\/?p=333"},"modified":"2014-11-10T02:58:18","modified_gmt":"2014-11-10T02:58:18","slug":"convocan-a-una-nueva-edicion-de-la-marcha-de-la-gorra","status":"publish","type":"post","link":"https:\/\/marchadelagorra.org\/2024\/convocan-a-una-nueva-edicion-de-la-marcha-de-la-gorra\/","title":{"rendered":"Convocan a una nueva edici\u00f3n de la Marcha de la Gorra"},"content":{"rendered":"<p>Ser\u00e1 el 20 de noviembre a las 18. Reclaman la derogaci\u00f3n del C\u00f3digo de Faltas y el fin de los abusos policiales.<\/p>\n<p>El denominado <strong>Colectivo de J\u00f3venes por Nuestros Derechos<\/strong> inform\u00f3 que el jueves 20 de noviembre concretar\u00e1 la octava edici\u00f3n de la \u00ab<strong>Marcha de la Gorra<\/strong>\u00bb por las calles de la Ciudad de C\u00f3rdoba, con el fin de pedir la derogaci\u00f3n del C\u00f3digo de Faltas por las amplias atribuciones que concede a la Polic\u00eda y en protesta por los reiterados hechos de violencia institucional.<\/p>\n<p>La marcha, que partir\u00e1 a las 18 de ese d\u00eda desde Col\u00f3n y Ca\u00f1ada, se har\u00e1 bajo la siguiente consigna: \u00abnos movilizamos por la anulaci\u00f3n de un C\u00f3digo de Faltas inconstitucional y por una instituci\u00f3n policial que nos golpea con desapariciones y asesinatos, persecuciones y hostigamientos\u00bb.<\/p>\n<p>\u00abA la marcha nunca llegamos solos. Nos acompa\u00f1an organizaciones sociales, espacios comunitarios, bibliotecas, grupos de j\u00f3venes, agrupaciones pol\u00edticas, partidos pol\u00edticos, escuelas, centros de estudiantes y muchas personas inquietas. Motivos nos sobran para salir y no queremos hacerlo solos\u201d, expresaron los responsables del colectivo por medio de un comunicado.<\/p>\n<p>Durante la marcha, que se hace desde hace ocho a\u00f1os, los manifestantes suelen cuestionar numerosas disposiciones del <strong>C\u00f3digo de Faltas Provincial<\/strong>, como las que prev\u00e9n la aprehensi\u00f3n de una persona bajo la figura del supuesto merodeo en la v\u00eda p\u00fablica o por la mera negativa a identificarse ante un polic\u00eda.<\/p>\n<p>Asimismo, los organizadores de la marcha tambi\u00e9n apuntan contra las normas que permiten que una persona sea sancionada (con varios d\u00edas de arresto), en virtud de una presunta contravenci\u00f3n, por un comisario, en vez de por un juez, y sin haber contado con la defensa de un abogado.<\/p>\n<p>Este a\u00f1o la marcha tendr\u00e1 como contexto la circunstancia de que, seg\u00fan la <strong>Coordinadora Antirrepresiva de C\u00f3rdoba<\/strong>, en lo que va de 2014, ya se han registrado siete casos de j\u00f3venes muertos en casos de \u00abgatillo f\u00e1cil\u00bb, lo que expresa la \u00absistem\u00e1tica pol\u00edtica represiva\u00bb del gobierno de <strong>Jos\u00e9 Manuel de la Sota<\/strong>.<\/p>\n<p>La repetici\u00f3n de hechos vinculados con agentes de la fuerza hizo que, en los \u00faltimos cinco meses, familiares de v\u00edctimas del accionar de la Polic\u00eda marcharan por la capital cordobesa contra las pol\u00edticas represivas del gobierno.<\/p>\n<p>Fuente: Telam<\/p>\n<p>&nbsp;<\/p>\n","protected":false},"excerpt":{"rendered":"<p>Ser\u00e1 el 20 de noviembre a las 18. Reclaman la derogaci\u00f3n del C\u00f3digo de Faltas y el fin de los abusos policiales. El denominado Colectivo de J\u00f3venes por Nuestros Derechos inform\u00f3 que el jueves 20 de noviembre concretar\u00e1 la octava edici\u00f3n de la \u00abMarcha de la Gorra\u00bb por las calles de la Ciudad de C\u00f3rdoba,&hellip; <br \/> <a class=\"button small blue\" href=\"https:\/\/marchadelagorra.org\/2024\/convocan-a-una-nueva-edicion-de-la-marcha-de-la-gorra\/\">Leer m\u00e1s<\/a><\/p>\n","protected":false},"author":3,"featured_media":61,"comment_status":"closed","ping_status":"closed","sticky":false,"template":"","format":"standard","meta":{"footnotes":""},"categories":[30,36],"tags":[29,31,33,37,34,40],"class_list":["post-333","post","type-post","status-publish","format-standard","has-post-thumbnail","hentry","category-8-mdlg","category-notas","tag-20-de-noviembre","tag-codigo-de-faltas","tag-cordoba","tag-jovenes","tag-marcha-de-la-gorra","tag-politicas-de-seguridad"],"aioseo_notices":[],"_links":{"self":[{"href":"https:\/\/marchadelagorra.org\/2024\/wp-json\/wp\/v2\/posts\/333","targetHints":{"allow":["GET"]}}],"collection":[{"href":"https:\/\/marchadelagorra.org\/2024\/wp-json\/wp\/v2\/posts"}],"about":[{"href":"https:\/\/marchadelagorra.org\/2024\/wp-json\/wp\/v2\/types\/post"}],"author":[{"embeddable":true,"href":"https:\/\/marchadelagorra.org\/2024\/wp-json\/wp\/v2\/users\/3"}],"replies":[{"embeddable":true,"href":"https:\/\/marchadelagorra.org\/2024\/wp-json\/wp\/v2\/comments?post=333"}],"version-history":[{"count":0,"href":"https:\/\/marchadelagorra.org\/2024\/wp-json\/wp\/v2\/posts\/333\/revisions"}],"wp:featuredmedia":[{"embeddable":true,"href":"https:\/\/marchadelagorra.org\/2024\/wp-json\/"}],"wp:attachment":[{"href":"https:\/\/marchadelagorra.org\/2024\/wp-json\/wp\/v2\/media?parent=333"}],"wp:term":[{"taxonomy":"category","embeddable":true,"href":"https:\/\/marchadelagorra.org\/2024\/wp-json\/wp\/v2\/categories?post=333"},{"taxonomy":"post_tag","embeddable":true,"href":"https:\/\/marchadelagorra.org\/2024\/wp-json\/wp\/v2\/tags?post=333"}],"curies":[{"name":"wp","href":"https:\/\/api.w.org\/{rel}","templated":true}]}}