{"id":319,"date":"2014-11-07T15:35:36","date_gmt":"2014-11-07T15:35:36","guid":{"rendered":"https:\/\/marchadelagorra.org\/?p=319"},"modified":"2014-11-07T15:35:36","modified_gmt":"2014-11-07T15:35:36","slug":"villa-maria-le-dicen-no-al-codigo-de-faltas","status":"publish","type":"post","link":"https:\/\/marchadelagorra.org\/2024\/villa-maria-le-dicen-no-al-codigo-de-faltas\/","title":{"rendered":"Villa Mar\u00eda le dice NO al C\u00f3digo de Faltas"},"content":{"rendered":"<p>La <strong>Marcha de la Gorra<\/strong> trasciende el ejido urbano de la capital cordobesa y se traslada a otras regiones de la Provincia. Porque el <strong>C\u00f3digo de Faltas<\/strong> est\u00e1 afectando a todxs lxs j\u00f3venes de C\u00f3rdoba. Es por eso que diversas organizaciones de <strong>Villa Mar\u00eda<\/strong> est\u00e1n organizando la <strong>3\u00b0\u00a0 Marcha de la Gorra<\/strong> en su localidad. <span id=\"fbPhotoPageCaption\" class=\"fbPhotosPhotoCaption\"><span class=\"hasCaption\">Desde <strong>Radio La Megaf\u00f3nica, VACAP y El Hormiguero<\/strong> estan llevando adelante durante el mes de Noviembre una serie de Talleres en muchas escuelas de esa ciudad, para poner en discusi\u00f3n el Abuso Policial. Esas actividades culminar\u00e1n el mismo 20 del corriente mes con una gran Marcha por la <strong>Plaza Centenario<\/strong> a las 18hs. <\/span><\/span><\/p>\n<p><span id=\"fbPhotoPageCaption\" class=\"fbPhotosPhotoCaption\"><span class=\"hasCaption\">All\u00ed las calles estar\u00e1n ocupadas por j\u00f3venes y actividades art\u00edsticas de la mano de los amigos de <strong>Madre Chicha, Aceite El Huevon y Ovu la Babosa<\/strong>. En <strong>Villa Mar\u00eda<\/strong> tambi\u00e9n hay organizaciones y j\u00f3venes que le ponen fuerza a la lucha contra el <strong>C\u00f3digo de Faltas<\/strong>.<\/span><\/span><\/p>\n<h3><span id=\"fbPhotoPageCaption\" class=\"fbPhotosPhotoCaption\"><span class=\"hasCaption\">Jueves 20\/11 en Plaza Centenario a las 18hs<br \/>\nNos movemos para decirle NO al C\u00f3digo de Faltas.<br \/>\n<\/span><\/span><\/h3>\n<p><img fetchpriority=\"high\" decoding=\"async\" class=\"alignnone size-full wp-image-326\" src=\"https:\/\/marchadelagorra.org\/wp-content\/uploads\/2014\/11\/villa-maria-contra-el-codigo-de-faltas.jpg\" alt=\"villa maria contra el codigo de faltas\" width=\"851\" height=\"315\" \/><\/p>\n","protected":false},"excerpt":{"rendered":"<p>La Marcha de la Gorra trasciende el ejido urbano de la capital cordobesa y se traslada a otras regiones de la Provincia. Porque el C\u00f3digo de Faltas est\u00e1 afectando a todxs lxs j\u00f3venes de C\u00f3rdoba. Es por eso que diversas organizaciones de Villa Mar\u00eda est\u00e1n organizando la 3\u00b0\u00a0 Marcha de la Gorra en su localidad.&hellip; <br \/> <a class=\"button small blue\" href=\"https:\/\/marchadelagorra.org\/2024\/villa-maria-le-dicen-no-al-codigo-de-faltas\/\">Leer m\u00e1s<\/a><\/p>\n","protected":false},"author":3,"featured_media":320,"comment_status":"closed","ping_status":"closed","sticky":false,"template":"","format":"standard","meta":{"footnotes":""},"categories":[30,36],"tags":[29,31,33,34,40,42],"class_list":["post-319","post","type-post","status-publish","format-standard","has-post-thumbnail","hentry","category-8-mdlg","category-notas","tag-20-de-noviembre","tag-codigo-de-faltas","tag-cordoba","tag-marcha-de-la-gorra","tag-politicas-de-seguridad","tag-villa-maria"],"aioseo_notices":[],"_links":{"self":[{"href":"https:\/\/marchadelagorra.org\/2024\/wp-json\/wp\/v2\/posts\/319","targetHints":{"allow":["GET"]}}],"collection":[{"href":"https:\/\/marchadelagorra.org\/2024\/wp-json\/wp\/v2\/posts"}],"about":[{"href":"https:\/\/marchadelagorra.org\/2024\/wp-json\/wp\/v2\/types\/post"}],"author":[{"embeddable":true,"href":"https:\/\/marchadelagorra.org\/2024\/wp-json\/wp\/v2\/users\/3"}],"replies":[{"embeddable":true,"href":"https:\/\/marchadelagorra.org\/2024\/wp-json\/wp\/v2\/comments?post=319"}],"version-history":[{"count":0,"href":"https:\/\/marchadelagorra.org\/2024\/wp-json\/wp\/v2\/posts\/319\/revisions"}],"wp:featuredmedia":[{"embeddable":true,"href":"https:\/\/marchadelagorra.org\/2024\/wp-json\/"}],"wp:attachment":[{"href":"https:\/\/marchadelagorra.org\/2024\/wp-json\/wp\/v2\/media?parent=319"}],"wp:term":[{"taxonomy":"category","embeddable":true,"href":"https:\/\/marchadelagorra.org\/2024\/wp-json\/wp\/v2\/categories?post=319"},{"taxonomy":"post_tag","embeddable":true,"href":"https:\/\/marchadelagorra.org\/2024\/wp-json\/wp\/v2\/tags?post=319"}],"curies":[{"name":"wp","href":"https:\/\/api.w.org\/{rel}","templated":true}]}}