{"id":305,"date":"2014-11-06T22:04:11","date_gmt":"2014-11-06T22:04:11","guid":{"rendered":"https:\/\/marchadelagorra.org\/?p=305"},"modified":"2014-11-06T22:04:11","modified_gmt":"2014-11-06T22:04:11","slug":"porque-venimo-a-la-marcha-de-la-gorra","status":"publish","type":"post","link":"https:\/\/marchadelagorra.org\/2024\/porque-venimo-a-la-marcha-de-la-gorra\/","title":{"rendered":"\u00bfPor qu\u00e9 venimos a la Marcha de la Gorra?"},"content":{"rendered":"<p>Miembros de la cobertura colaborativa de la <strong>Marcha de la Gorra<\/strong> camin\u00f3 junto a miles personas con la consigna de saber \u00bfpor qu\u00e9 marcha?<\/p>\n<p><strong>A continuaci\u00f3n podr\u00e1n escuchar algunas de las respuestas!<\/strong><\/p>\n<audio class=\"wp-audio-shortcode\" id=\"audio-305-1\" preload=\"none\" style=\"width: 100%;\" controls=\"controls\"><source type=\"audio\/wav\" src=\"https:\/\/marchadelagorra.org\/wp-content\/uploads\/2014\/11\/Porque-Marchamos-2.wav?_=1\" \/><a href=\"https:\/\/marchadelagorra.org\/wp-content\/uploads\/2014\/11\/Porque-Marchamos-2.wav\">https:\/\/marchadelagorra.org\/wp-content\/uploads\/2014\/11\/Porque-Marchamos-2.wav<\/a><\/audio>\n<hr \/>\n<audio class=\"wp-audio-shortcode\" id=\"audio-305-2\" preload=\"none\" style=\"width: 100%;\" controls=\"controls\"><source type=\"audio\/wav\" src=\"https:\/\/marchadelagorra.org\/wp-content\/uploads\/2014\/11\/Porque-Marchamos-1.wav?_=2\" \/><a href=\"https:\/\/marchadelagorra.org\/wp-content\/uploads\/2014\/11\/Porque-Marchamos-1.wav\">https:\/\/marchadelagorra.org\/wp-content\/uploads\/2014\/11\/Porque-Marchamos-1.wav<\/a><\/audio>\n","protected":false},"excerpt":{"rendered":"<p>Miembros de la cobertura colaborativa de la Marcha de la Gorra camin\u00f3 junto a miles personas con la consigna de saber \u00bfpor qu\u00e9 marcha? A continuaci\u00f3n podr\u00e1n escuchar algunas de las respuestas!<\/p>\n","protected":false},"author":3,"featured_media":152,"comment_status":"closed","ping_status":"closed","sticky":false,"template":"","format":"standard","meta":{"footnotes":""},"categories":[30,41],"tags":[29,31,34],"class_list":["post-305","post","type-post","status-publish","format-standard","has-post-thumbnail","hentry","category-8-mdlg","category-audios","tag-20-de-noviembre","tag-codigo-de-faltas","tag-marcha-de-la-gorra"],"aioseo_notices":[],"_links":{"self":[{"href":"https:\/\/marchadelagorra.org\/2024\/wp-json\/wp\/v2\/posts\/305","targetHints":{"allow":["GET"]}}],"collection":[{"href":"https:\/\/marchadelagorra.org\/2024\/wp-json\/wp\/v2\/posts"}],"about":[{"href":"https:\/\/marchadelagorra.org\/2024\/wp-json\/wp\/v2\/types\/post"}],"author":[{"embeddable":true,"href":"https:\/\/marchadelagorra.org\/2024\/wp-json\/wp\/v2\/users\/3"}],"replies":[{"embeddable":true,"href":"https:\/\/marchadelagorra.org\/2024\/wp-json\/wp\/v2\/comments?post=305"}],"version-history":[{"count":0,"href":"https:\/\/marchadelagorra.org\/2024\/wp-json\/wp\/v2\/posts\/305\/revisions"}],"wp:featuredmedia":[{"embeddable":true,"href":"https:\/\/marchadelagorra.org\/2024\/wp-json\/wp\/v2\/media\/152"}],"wp:attachment":[{"href":"https:\/\/marchadelagorra.org\/2024\/wp-json\/wp\/v2\/media?parent=305"}],"wp:term":[{"taxonomy":"category","embeddable":true,"href":"https:\/\/marchadelagorra.org\/2024\/wp-json\/wp\/v2\/categories?post=305"},{"taxonomy":"post_tag","embeddable":true,"href":"https:\/\/marchadelagorra.org\/2024\/wp-json\/wp\/v2\/tags?post=305"}],"curies":[{"name":"wp","href":"https:\/\/api.w.org\/{rel}","templated":true}]}}