{"id":295,"date":"2014-11-05T17:09:11","date_gmt":"2014-11-05T17:09:11","guid":{"rendered":"https:\/\/marchadelagorra.org\/?p=295"},"modified":"2014-11-05T17:09:11","modified_gmt":"2014-11-05T17:09:11","slug":"aclaracion-sobre-la-marcha-nacional-de-la-gorra","status":"publish","type":"post","link":"https:\/\/marchadelagorra.org\/2024\/aclaracion-sobre-la-marcha-nacional-de-la-gorra\/","title":{"rendered":"Aclaraci\u00f3n sobre la \u00abMarcha Nacional de la Gorra\u00bb"},"content":{"rendered":"<p><span class=\"userContent\">El espacio de organizaci\u00f3n de la <strong>Marcha de la Gorra<\/strong>, que el <strong>Colectivo de J\u00f3venes por Nuestros Derechos<\/strong> convoca desde hace 8 a\u00f1os, tiene la necesidad de comunicar que <strong>no particip\u00f3 de la organizaci\u00f3n de la marcha denominada \u00abMarcha Nacional de la Gorra\u00bb<\/strong> llevada a cabo en <strong>Buenos Aires<\/strong> el pasado mi\u00e9rcoles <strong>22 de Octubre<\/strong>.<\/span><\/p>\n<p>La aclaraci\u00f3n es necesaria porque diferentes medios gr\u00e1ficos vincularon la convo<span class=\"text_exposed_show\">catoria nacional con la marcha que venimos organizando en la ciudad de <strong>C\u00f3rdoba<\/strong>.<\/span><\/p>\n<p>Nos encontramos en comunicaci\u00f3n con organizaciones compa\u00f1eras de varias provincias y ciudades de C\u00f3rdoba, con quienes vemos con mucho entusiasmo la apuesta de nacionalizar el reclamo y la movilizaci\u00f3n para el <strong>pr\u00f3ximo 20 de Noviembre<\/strong>.<\/p>\n<p>Por la construcci\u00f3n de este espacio de organizaci\u00f3n, y en el camino a la<strong> 8va Marcha de la Gorra en la ciudad de C\u00f3rdoba<\/strong>, es que convocamos a todas las expresiones al trabajo conjunto, a la ampliaci\u00f3n de los espacios y a la organizaci\u00f3n colectiva para hacer m\u00e1s fuerte nuestro reclamo.<\/p>\n<p>Espacio de organizaci\u00f3n de la Marcha de la Gorra C\u00f3rdoba, 4 de Noviembre de 2014<\/p>\n<p><a class=\"_58cn\" href=\"https:\/\/www.facebook.com\/hashtag\/anulaciondelcodigodefaltas\">#AnulacionDelCodigoDeFaltas<\/a><br \/>\n<a class=\"_58cn\" href=\"https:\/\/www.facebook.com\/hashtag\/bastadegatillofacil\">#BastadeGatilloFacil<\/a><br \/>\n<a class=\"_58cn\" href=\"https:\/\/www.facebook.com\/hashtag\/bastademuertesenmanosdelapolicia\">#BastaDeMuertesEnManosDeLaPolicia<\/a><br \/>\n<a class=\"_58cn\" href=\"https:\/\/www.facebook.com\/hashtag\/bastadecriminalizareltrabajosexual\">#BastaDeCriminalizarElTrabajoSexual<\/a><br \/>\n<a class=\"_58cn\" href=\"https:\/\/www.facebook.com\/hashtag\/nuncamasdesapariciones\">#NuncaMasDesapariciones<\/a><br \/>\n<a class=\"_58cn\" href=\"https:\/\/www.facebook.com\/hashtag\/niunpibemenos\">#NiUnPibeMenos<\/a><br \/>\n<a class=\"_58cn\" href=\"https:\/\/www.facebook.com\/hashtag\/niunapibamenos\">#NiUnaPibaMenos<\/a><\/p>\n","protected":false},"excerpt":{"rendered":"<p>El espacio de organizaci\u00f3n de la Marcha de la Gorra, que el Colectivo de J\u00f3venes por Nuestros Derechos convoca desde hace 8 a\u00f1os, tiene la necesidad de comunicar que no particip\u00f3 de la organizaci\u00f3n de la marcha denominada \u00abMarcha Nacional de la Gorra\u00bb llevada a cabo en Buenos Aires el pasado mi\u00e9rcoles 22 de Octubre.&hellip; <br \/> <a class=\"button small blue\" href=\"https:\/\/marchadelagorra.org\/2024\/aclaracion-sobre-la-marcha-nacional-de-la-gorra\/\">Leer m\u00e1s<\/a><\/p>\n","protected":false},"author":3,"featured_media":296,"comment_status":"closed","ping_status":"closed","sticky":false,"template":"","format":"standard","meta":{"footnotes":""},"categories":[30,35],"tags":[],"class_list":["post-295","post","type-post","status-publish","format-standard","has-post-thumbnail","hentry","category-8-mdlg","category-mdlg-2014"],"aioseo_notices":[],"_links":{"self":[{"href":"https:\/\/marchadelagorra.org\/2024\/wp-json\/wp\/v2\/posts\/295","targetHints":{"allow":["GET"]}}],"collection":[{"href":"https:\/\/marchadelagorra.org\/2024\/wp-json\/wp\/v2\/posts"}],"about":[{"href":"https:\/\/marchadelagorra.org\/2024\/wp-json\/wp\/v2\/types\/post"}],"author":[{"embeddable":true,"href":"https:\/\/marchadelagorra.org\/2024\/wp-json\/wp\/v2\/users\/3"}],"replies":[{"embeddable":true,"href":"https:\/\/marchadelagorra.org\/2024\/wp-json\/wp\/v2\/comments?post=295"}],"version-history":[{"count":0,"href":"https:\/\/marchadelagorra.org\/2024\/wp-json\/wp\/v2\/posts\/295\/revisions"}],"wp:featuredmedia":[{"embeddable":true,"href":"https:\/\/marchadelagorra.org\/2024\/wp-json\/"}],"wp:attachment":[{"href":"https:\/\/marchadelagorra.org\/2024\/wp-json\/wp\/v2\/media?parent=295"}],"wp:term":[{"taxonomy":"category","embeddable":true,"href":"https:\/\/marchadelagorra.org\/2024\/wp-json\/wp\/v2\/categories?post=295"},{"taxonomy":"post_tag","embeddable":true,"href":"https:\/\/marchadelagorra.org\/2024\/wp-json\/wp\/v2\/tags?post=295"}],"curies":[{"name":"wp","href":"https:\/\/api.w.org\/{rel}","templated":true}]}}