{"id":2881,"date":"2023-12-11T14:50:59","date_gmt":"2023-12-11T14:50:59","guid":{"rendered":"https:\/\/marchadelagorra.org\/?p=2881"},"modified":"2023-12-11T14:50:59","modified_gmt":"2023-12-11T14:50:59","slug":"nada-muere-para-nosotres-todo-lo-habitamos","status":"publish","type":"post","link":"https:\/\/marchadelagorra.org\/2024\/nada-muere-para-nosotres-todo-lo-habitamos\/","title":{"rendered":"Nada muere para nosotres, todo lo habitamos"},"content":{"rendered":"<p dir=\"auto\"><div class=\"su-youtube su-u-responsive-media-yes\"><iframe width=\"600\" height=\"400\" src=\"https:\/\/www.youtube.com\/embed\/IZgpXtK6XjA?\" frameborder=\"0\" allowfullscreen allow=\"autoplay; encrypted-media; picture-in-picture\" title=\"\"><\/iframe><\/div>\n<p class=\"_ap3a _aaco _aacu _aacx _aad7 _aade\" dir=\"auto\">Imaginen nuestros dolores y alegr\u00edas con una direcci\u00f3n, un sentido de movimiento, un sonido, una vibraci\u00f3n que se expande debajo de nuestros pasos.<\/p>\n<p>Imaginen que cada vez que nos encontramos, una l\u00ednea se dibuja en el territorio, brillante, incandescente, dise\u00f1ando un mapa imposible de invadir, colonizar, ni destruir.<\/p>\n<p>Salieron a marchar esas conexiones que, con insistencia, construimos. Infinitas maneras de elegirnos en la historia de nuestra resistencia. Con el abrazo posible, la fuerza de la mirada c\u00f3mplice y el tiempo caprichoso de un fuego encendido.<\/p>\n<p>Nuestro afecto como flecha, como trazo subversivo, arrogante, en una realidad llena de atropellos y mezquindades.<\/p>\n<p>Nada muere para nosotres, todo lo habitamos.<\/p>\n<p>el abrazo a la 17 <a class=\"x1i10hfl xjbqb8w x6umtig x1b1mbwd xaqea5y xav7gou x9f619 x1ypdohk xt0psk2 xe8uvvx xdj266r x11i5rnm xat24cr x1mh8g0r xexx8yu x4uap5 x18d9i69 xkhd6sd x16tdsg8 x1hl2dhg xggy1nq x1a2a7pz notranslate _a6hd\" tabindex=\"0\" role=\"link\" href=\"https:\/\/www.instagram.com\/marchadelagorracba\/\">@marchadelagorracba<\/a><\/p>\n<p>Im\u00e1genes de drone y video <a class=\"x1i10hfl xjbqb8w x6umtig x1b1mbwd xaqea5y xav7gou x9f619 x1ypdohk xt0psk2 xe8uvvx xdj266r x11i5rnm xat24cr x1mh8g0r xexx8yu x4uap5 x18d9i69 xkhd6sd x16tdsg8 x1hl2dhg xggy1nq x1a2a7pz notranslate _a6hd\" tabindex=\"0\" role=\"link\" href=\"https:\/\/www.instagram.com\/eze.luque\/\">@eze.luque<\/a> <a class=\"x1i10hfl xjbqb8w x6umtig x1b1mbwd xaqea5y xav7gou x9f619 x1ypdohk xt0psk2 xe8uvvx xdj266r x11i5rnm xat24cr x1mh8g0r xexx8yu x4uap5 x18d9i69 xkhd6sd x16tdsg8 x1hl2dhg xggy1nq x1a2a7pz notranslate _a6hd\" tabindex=\"0\" role=\"link\" href=\"https:\/\/www.instagram.com\/latintacba\/\">@latintacba<\/a> &#x1f525; gracias!<\/p>\n","protected":false},"excerpt":{"rendered":"<p>Imaginen nuestros dolores y alegr\u00edas con una direcci\u00f3n, un sentido de movimiento, un sonido, una vibraci\u00f3n que se expande debajo de nuestros pasos. Imaginen que cada vez que nos encontramos, una l\u00ednea se dibuja en el territorio, brillante, incandescente, dise\u00f1ando un mapa imposible de invadir, colonizar, ni destruir. Salieron a marchar esas conexiones que, con&hellip; <br \/> <a class=\"button small blue\" href=\"https:\/\/marchadelagorra.org\/2024\/nada-muere-para-nosotres-todo-lo-habitamos\/\">Leer m\u00e1s<\/a><\/p>\n","protected":false},"author":2,"featured_media":2882,"comment_status":"closed","ping_status":"closed","sticky":false,"template":"","format":"standard","meta":{"footnotes":""},"categories":[330,21],"tags":[],"class_list":["post-2881","post","type-post","status-publish","format-standard","has-post-thumbnail","hentry","category-17-mdlg","category-videos"],"aioseo_notices":[],"_links":{"self":[{"href":"https:\/\/marchadelagorra.org\/2024\/wp-json\/wp\/v2\/posts\/2881","targetHints":{"allow":["GET"]}}],"collection":[{"href":"https:\/\/marchadelagorra.org\/2024\/wp-json\/wp\/v2\/posts"}],"about":[{"href":"https:\/\/marchadelagorra.org\/2024\/wp-json\/wp\/v2\/types\/post"}],"author":[{"embeddable":true,"href":"https:\/\/marchadelagorra.org\/2024\/wp-json\/wp\/v2\/users\/2"}],"replies":[{"embeddable":true,"href":"https:\/\/marchadelagorra.org\/2024\/wp-json\/wp\/v2\/comments?post=2881"}],"version-history":[{"count":0,"href":"https:\/\/marchadelagorra.org\/2024\/wp-json\/wp\/v2\/posts\/2881\/revisions"}],"wp:featuredmedia":[{"embeddable":true,"href":"https:\/\/marchadelagorra.org\/2024\/wp-json\/wp\/v2\/media\/2882"}],"wp:attachment":[{"href":"https:\/\/marchadelagorra.org\/2024\/wp-json\/wp\/v2\/media?parent=2881"}],"wp:term":[{"taxonomy":"category","embeddable":true,"href":"https:\/\/marchadelagorra.org\/2024\/wp-json\/wp\/v2\/categories?post=2881"},{"taxonomy":"post_tag","embeddable":true,"href":"https:\/\/marchadelagorra.org\/2024\/wp-json\/wp\/v2\/tags?post=2881"}],"curies":[{"name":"wp","href":"https:\/\/api.w.org\/{rel}","templated":true}]}}