{"id":2873,"date":"2023-12-04T23:08:22","date_gmt":"2023-12-04T23:08:22","guid":{"rendered":"https:\/\/marchadelagorra.org\/?p=2873"},"modified":"2024-10-22T22:31:50","modified_gmt":"2024-10-22T22:31:50","slug":"no-nos-dormimos-la-17-marcha-de-la-gorra-se-prende","status":"publish","type":"post","link":"https:\/\/marchadelagorra.org\/2024\/no-nos-dormimos-la-17-marcha-de-la-gorra-se-prende\/","title":{"rendered":"NO NOS DORMIMOS, LA 17\u00b0 MARCHA DE LA GORRA SE PRENDE"},"content":{"rendered":"<h1 dir=\"auto\"><img fetchpriority=\"high\" decoding=\"async\" class=\"aligncenter wp-image-2875 size-large\" src=\"https:\/\/marchadelagorra.org\/wp-content\/uploads\/2023\/12\/afiche-17-mdlg-819x1024.jpeg\" alt=\"\" width=\"800\" height=\"1000\" srcset=\"https:\/\/marchadelagorra.org\/2024\/wp-content\/uploads\/2023\/12\/afiche-17-mdlg-819x1024.jpeg 819w, https:\/\/marchadelagorra.org\/2024\/wp-content\/uploads\/2023\/12\/afiche-17-mdlg-240x300.jpeg 240w, https:\/\/marchadelagorra.org\/2024\/wp-content\/uploads\/2023\/12\/afiche-17-mdlg-768x960.jpeg 768w, https:\/\/marchadelagorra.org\/2024\/wp-content\/uploads\/2023\/12\/afiche-17-mdlg.jpeg 864w\" sizes=\"(max-width: 800px) 100vw, 800px\" \/><\/h1>\n<p class=\"_ap3a _aaco _aacu _aacx _aad7 _aade\" dir=\"auto\">Jueves 7 diciembre \u2013 18hs. \u2013 esq. Col\u00f3n y General Paz<\/p>\n<p>\u00bfQu\u00e9 hacemos con la furia? \u00bfCon el dolor por acumulaci\u00f3n de muertes y desapariciones?<\/p>\n<p>Una ceremonia. Un ritual que se repite y se reafirma hace 17 a\u00f1os, se extiende, se expande como filamentos subterr\u00e1neos<br \/>\nque manchan y conectan lo sensible, una inmensa red de abrazos en medio de las ruinas<\/p>\n<p>Una ceremonia que es fiesta gratis para reparar la humillaci\u00f3n y el odio social, que es experiencia afectiva y pol\u00edtica donde lo sagrado goza de protecci\u00f3n.<br \/>\nPorque no fueron borrados, est\u00e1n<\/p>\n<p>PRESENTES<br \/>\nen las calles<br \/>\nAHORA y SIEMPRE<\/p>\n<p>Nuestros gestos para descascarar el sistema de crueldad:<br \/>\nmemoria<br \/>\ninvocaci\u00f3n<br \/>\nembrollo<br \/>\ncomunidad de afectos<br \/>\nalegr\u00eda callejera<br \/>\nredes de cuidado<\/p>\n<p>Marcha ritual, geograf\u00eda subversiva que confunde a los verdugos,<br \/>\nciclo infinito<\/p>\n<p><a class=\"x1i10hfl xjbqb8w x6umtig x1b1mbwd xaqea5y xav7gou x9f619 x1ypdohk xt0psk2 xe8uvvx xdj266r x11i5rnm xat24cr x1mh8g0r xexx8yu x4uap5 x18d9i69 xkhd6sd x16tdsg8 x1hl2dhg xggy1nq x1a2a7pz  _aa9_ _a6hd\" tabindex=\"0\" role=\"link\" href=\"https:\/\/www.instagram.com\/explore\/tags\/17mdlg\/\">#17MDLG<\/a> <a class=\"x1i10hfl xjbqb8w x6umtig x1b1mbwd xaqea5y xav7gou x9f619 x1ypdohk xt0psk2 xe8uvvx xdj266r x11i5rnm xat24cr x1mh8g0r xexx8yu x4uap5 x18d9i69 xkhd6sd x16tdsg8 x1hl2dhg xggy1nq x1a2a7pz  _aa9_ _a6hd\" tabindex=\"0\" role=\"link\" href=\"https:\/\/www.instagram.com\/explore\/tags\/presentesenlascalles\/\">#PRESENTESENLASCALLES<\/a><br \/>\n<a class=\"x1i10hfl xjbqb8w x6umtig x1b1mbwd xaqea5y xav7gou x9f619 x1ypdohk xt0psk2 xe8uvvx xdj266r x11i5rnm xat24cr x1mh8g0r xexx8yu x4uap5 x18d9i69 xkhd6sd x16tdsg8 x1hl2dhg xggy1nq x1a2a7pz  _aa9_ _a6hd\" tabindex=\"0\" role=\"link\" href=\"https:\/\/www.instagram.com\/explore\/tags\/presentesahoraysiempre\/\">#PRESENTESAHORAYSIEMPRE<\/a><\/p>\n","protected":false},"excerpt":{"rendered":"<p>Jueves 7 diciembre \u2013 18hs. \u2013 esq. Col\u00f3n y General Paz \u00bfQu\u00e9 hacemos con la furia? \u00bfCon el dolor por acumulaci\u00f3n de muertes y desapariciones? Una ceremonia. Un ritual que se repite y se reafirma hace 17 a\u00f1os, se extiende, se expande como filamentos subterr\u00e1neos que manchan y conectan lo sensible, una inmensa red de&hellip; <br \/> <a class=\"button small blue\" href=\"https:\/\/marchadelagorra.org\/2024\/no-nos-dormimos-la-17-marcha-de-la-gorra-se-prende\/\">Leer m\u00e1s<\/a><\/p>\n","protected":false},"author":2,"featured_media":2874,"comment_status":"closed","ping_status":"closed","sticky":false,"template":"","format":"standard","meta":{"footnotes":""},"categories":[330,314],"tags":[],"class_list":["post-2873","post","type-post","status-publish","format-standard","has-post-thumbnail","hentry","category-17-mdlg","category-actualidad"],"aioseo_notices":[],"_links":{"self":[{"href":"https:\/\/marchadelagorra.org\/2024\/wp-json\/wp\/v2\/posts\/2873","targetHints":{"allow":["GET"]}}],"collection":[{"href":"https:\/\/marchadelagorra.org\/2024\/wp-json\/wp\/v2\/posts"}],"about":[{"href":"https:\/\/marchadelagorra.org\/2024\/wp-json\/wp\/v2\/types\/post"}],"author":[{"embeddable":true,"href":"https:\/\/marchadelagorra.org\/2024\/wp-json\/wp\/v2\/users\/2"}],"replies":[{"embeddable":true,"href":"https:\/\/marchadelagorra.org\/2024\/wp-json\/wp\/v2\/comments?post=2873"}],"version-history":[{"count":0,"href":"https:\/\/marchadelagorra.org\/2024\/wp-json\/wp\/v2\/posts\/2873\/revisions"}],"wp:featuredmedia":[{"embeddable":true,"href":"https:\/\/marchadelagorra.org\/2024\/wp-json\/wp\/v2\/media\/2874"}],"wp:attachment":[{"href":"https:\/\/marchadelagorra.org\/2024\/wp-json\/wp\/v2\/media?parent=2873"}],"wp:term":[{"taxonomy":"category","embeddable":true,"href":"https:\/\/marchadelagorra.org\/2024\/wp-json\/wp\/v2\/categories?post=2873"},{"taxonomy":"post_tag","embeddable":true,"href":"https:\/\/marchadelagorra.org\/2024\/wp-json\/wp\/v2\/tags?post=2873"}],"curies":[{"name":"wp","href":"https:\/\/api.w.org\/{rel}","templated":true}]}}