{"id":273,"date":"2014-10-30T19:45:10","date_gmt":"2014-10-30T19:45:10","guid":{"rendered":"https:\/\/marchadelagorra.org\/?p=273"},"modified":"2014-10-30T19:45:10","modified_gmt":"2014-10-30T19:45:10","slug":"abajo-el-codigo-de-faltas","status":"publish","type":"post","link":"https:\/\/marchadelagorra.org\/2024\/abajo-el-codigo-de-faltas\/","title":{"rendered":"CAMPA\u00d1A: \u201cAbajo el C\u00f3digo de Faltas\u201d"},"content":{"rendered":"<h3 class=\"fbPhotoAlbumTitle\"><strong>Sumate a la Campa\u00f1a<\/strong><\/h3>\n<p class=\"fbPhotoCaption fbPhotoAlbumHeaderText\"><span class=\"fbPhotoCaptionText\">\u00abAbajo el C\u00f3digo de Faltas\u00bb es una iniciativa impulsada por miembros del <strong>Colectivo de J\u00f3venes por Nuestros Derechos<\/strong>\u00a0con la finalidad de visibilizar el reclamo por la derogaci\u00f3n del <strong>C\u00f3digo de Faltas<\/strong> que rige actualmente en la provincia de C\u00f3rdoba.<br \/>\nLa campa\u00f1a se basa en la publicaci\u00f3n de fotograf\u00edas enviadas por diversos j\u00f3venes con un cartel que tiene como leyenda: \u00ab<strong><a title=\"Abajo el codigo de faltas\" href=\"https:\/\/www.facebook.com\/media\/set\/?set=a.794526280608113.1073741855.100001522465720&amp;type=3\" target=\"_blank\" rel=\"noopener\">Abajo el C\u00f3digo de Faltas<\/a>\u00ab.<\/strong><br \/>\n<\/span><\/p>\n<p class=\"fbPhotoCaption fbPhotoAlbumHeaderText\">Sac\u00e1 tu foto con la consigna y enviala al inbox de <a href=\"https:\/\/www.facebook.com\/ELPIRATA.CAFU\">Cafu Pirata<\/a>\u00a0 y as\u00ed formar\u00e1s parte del \u00c1lbum de Facebook.<\/p>\n<div class=\"fbPhotoCaption fbPhotoAlbumHeaderText\"><\/div>\n<div class=\"aligncenter size-full wp-image-274\"><\/div>\n<div class=\"aligncenter size-full wp-image-274\"><a title=\"Abajo el codigo de faltas\" href=\"https:\/\/www.facebook.com\/media\/set\/?set=a.794526280608113.1073741855.100001522465720&amp;type=3\" target=\"_blank\" rel=\"noopener\"><img fetchpriority=\"high\" decoding=\"async\" class=\"aligncenter size-full wp-image-275\" src=\"https:\/\/marchadelagorra.org\/wp-content\/uploads\/2014\/10\/album-abajo-codigo-de-faltas.png\" alt=\"album-abajo-codigo-de-faltas\" width=\"864\" height=\"621\" \/><\/a><\/div>\n<div class=\"fbPhotoCaption fbPhotoAlbumHeaderText\"><\/div>\n<div class=\"fbPhotoCaption fbPhotoAlbumHeaderText\"><\/div>\n","protected":false},"excerpt":{"rendered":"<p>Sumate a la Campa\u00f1a \u00abAbajo el C\u00f3digo de Faltas\u00bb es una iniciativa impulsada por miembros del Colectivo de J\u00f3venes por Nuestros Derechos\u00a0con la finalidad de visibilizar el reclamo por la derogaci\u00f3n del C\u00f3digo de Faltas que rige actualmente en la provincia de C\u00f3rdoba. La campa\u00f1a se basa en la publicaci\u00f3n de fotograf\u00edas enviadas por diversos&hellip; <br \/> <a class=\"button small blue\" href=\"https:\/\/marchadelagorra.org\/2024\/abajo-el-codigo-de-faltas\/\">Leer m\u00e1s<\/a><\/p>\n","protected":false},"author":3,"featured_media":266,"comment_status":"closed","ping_status":"closed","sticky":false,"template":"","format":"standard","meta":{"footnotes":""},"categories":[30,35],"tags":[32,33,37,34,40],"class_list":["post-273","post","type-post","status-publish","format-standard","has-post-thumbnail","hentry","category-8-mdlg","category-mdlg-2014","tag-colectivo-de-jovenes-por-nuestros-derechos","tag-cordoba","tag-jovenes","tag-marcha-de-la-gorra","tag-politicas-de-seguridad"],"aioseo_notices":[],"_links":{"self":[{"href":"https:\/\/marchadelagorra.org\/2024\/wp-json\/wp\/v2\/posts\/273","targetHints":{"allow":["GET"]}}],"collection":[{"href":"https:\/\/marchadelagorra.org\/2024\/wp-json\/wp\/v2\/posts"}],"about":[{"href":"https:\/\/marchadelagorra.org\/2024\/wp-json\/wp\/v2\/types\/post"}],"author":[{"embeddable":true,"href":"https:\/\/marchadelagorra.org\/2024\/wp-json\/wp\/v2\/users\/3"}],"replies":[{"embeddable":true,"href":"https:\/\/marchadelagorra.org\/2024\/wp-json\/wp\/v2\/comments?post=273"}],"version-history":[{"count":0,"href":"https:\/\/marchadelagorra.org\/2024\/wp-json\/wp\/v2\/posts\/273\/revisions"}],"wp:featuredmedia":[{"embeddable":true,"href":"https:\/\/marchadelagorra.org\/2024\/wp-json\/"}],"wp:attachment":[{"href":"https:\/\/marchadelagorra.org\/2024\/wp-json\/wp\/v2\/media?parent=273"}],"wp:term":[{"taxonomy":"category","embeddable":true,"href":"https:\/\/marchadelagorra.org\/2024\/wp-json\/wp\/v2\/categories?post=273"},{"taxonomy":"post_tag","embeddable":true,"href":"https:\/\/marchadelagorra.org\/2024\/wp-json\/wp\/v2\/tags?post=273"}],"curies":[{"name":"wp","href":"https:\/\/api.w.org\/{rel}","templated":true}]}}