{"id":2479,"date":"2022-11-08T16:55:46","date_gmt":"2022-11-08T16:55:46","guid":{"rendered":"https:\/\/marchadelagorra.org\/?p=2479"},"modified":"2023-11-18T22:14:50","modified_gmt":"2023-11-18T22:14:50","slug":"se-viene-la-16-marcha-de-la-gorra-libres-o-nada","status":"publish","type":"post","link":"https:\/\/marchadelagorra.org\/2024\/se-viene-la-16-marcha-de-la-gorra-libres-o-nada\/","title":{"rendered":"Se viene la 16\u00b0 Marcha de la Gorra: \u201clibres o nada\u201d"},"content":{"rendered":"<p>La <strong>16\u00b0 Marcha de la Gorra<\/strong> ya tiene fecha y lugar: ser\u00e1 el <strong>martes 29 de noviembre a las 18 hs<\/strong>., bajo la consigna <strong>\u201cOcupar las calles, libres o nada\u201d.<\/strong> La movilizaci\u00f3n partir\u00e1 desde <strong>Col\u00f3n y General Paz<\/strong>, convocada por la Mesa Organizativa que re\u00fane a autoconvocadxs, instituciones, organizaciones sociales, estudiantiles, pol\u00edticas y de derechos humanos.<\/p>\n<p>Como cada a\u00f1o, desde el 20 de noviembre de 2007, la lucha antirrepresiva en C\u00f3rdoba toma las calles para posicionarse contra la violencia estatal. Adem\u00e1s, en el camino previo se realizar\u00e1n actividades culturales, con el objetivo de promover el encuentro a trav\u00e9s del arte y, a la vez, recaudar fondos para la realizaci\u00f3n de la marcha, que se sostiene de manera autogestiva.<\/p>\n<p><span style=\"color: #971628;\"><strong>&#x270a;Jueves 10: Po\u00e9ticas en libertad<\/strong><\/span><\/p>\n<p>Di\u00e1logos entre arte, movilizaci\u00f3n y lucha, en el marco de la 16\u00b0 Marcha de la Gorra. Una actividad con po\u00e9ticas de El Brote Escritura Creativa, performance de Guille Vanad\u00eda y cierre con rimas de Maleno &amp; Lau Led. A las 19 hs., en el Centro Cultural La Piojera &#8211; Av. Col\u00f3n 1559. Entrada libre y salida a la capucha, para colaborar con la marcha.<\/p>\n<p><strong>&#x270a;<span style=\"color: #971628;\">S\u00e1bado 12: Fiesta Prende(te) fuego<\/span><\/strong><\/p>\n<p>Cuarta edici\u00f3n de la fiesta para compartir la previa con m\u00fasica, baile y caravana. Con artistas invitadxs a confirmar. En La Burbuja Circo &#8211; Blvd. Los Andes 4699. Entradas anticipadas a $300 hasta el viernes 11 inclusive. Para conseguirlas, comunicarse con Maru: 3515422352, o Nadia: 3517061813.<\/p>\n<ul>\n<li>&#x2757;A su vez, se puso a disposici\u00f3n un<strong> Bono Contribuci\u00f3n<\/strong> para realizar aportes monetarios y as\u00ed sumar para cubrir los gastos necesarios de la movilizaci\u00f3n. Se pueden enviar colaboraciones a trav\u00e9s del alias <em>16.MarchaDeLaGorra<\/em>.<\/li>\n<\/ul>\n<p>La <strong>Marcha de la Gorra (MDLG)<\/strong> naci\u00f3 para denunciar una problem\u00e1tica cotidiana para lxs j\u00f3venes de los barrios de C\u00f3rdoba: la violencia estatal policial que lxs persigue, detiene, golpea, tortura y mata. La llamada \u201cportaci\u00f3n de rostro\u201d se basa en presumir la culpabilidad de una persona por su apariencia y su lugar de origen, sosteniendo una l\u00f3gica de segregaci\u00f3n y estigmatizaci\u00f3n. Si sos de un barrio pobre, no pod\u00e9s llegar al centro.<\/p>\n<p>Sin embargo, a trav\u00e9s de los a\u00f1os, de la lucha y la organizaci\u00f3n, los reclamos se hicieron cada vez m\u00e1s complejos y amplios, mientras la marcha se extendi\u00f3 por todo el pa\u00eds. Hoy, la denuncia es contra todas las formas de violencia que despliega el aparato del Estado, y sus gobiernos comprendidos desde la amplitud de las instituciones involucradas: el Poder Judicial, el Legislativo y el Ejecutivo dise\u00f1ando pol\u00edticas de muerte que se efect\u00faan a trav\u00e9s de su brazo armado, las fuerzas de seguridad.<\/p>\n<p>Este a\u00f1o, adem\u00e1s, el contexto se ve atravesado por una fuerte avanzada de la criminalizaci\u00f3n de la protesta y de la pobreza, a trav\u00e9s de los dos proyectos de ley presentados por el oficialismo de Hacemos por C\u00f3rdoba y la UCR en la Legislatura.<br \/>\nAmbos, buscan limitar el derecho a la movilizaci\u00f3n y al uso del espacio p\u00fablico. A su vez, una serie de denuncias y reclamos ponen en evidencia la crueldad de un sistema que dice cuidar a sus ciudadanxs: casos de gatillo f\u00e1cil y violaciones a los derechos humanos en la Senaf, en las instituciones de encierro y en el espacio p\u00fablico.<\/p>\n<p>Sobre este punto se centra la acci\u00f3n de la marcha: ocupar las calles. \u201cNuestra lucha es por la vida y por la libertad\u201d, expresaba la lectura en la intervenci\u00f3n final del 2021, haciendo foco en la defensa de los derechos como eje central y en el sentido que se construye sobre la <strong>Marcha de la Gorra<\/strong> desde hace 15 a\u00f1os: construir la propia libertad que se nos niega d\u00eda a d\u00eda. As\u00ed, la MDLG se vuelve un espacio de lucha, pero tambi\u00e9n de encuentro, de memoria y de cuidado colectivo.<\/p>\n","protected":false},"excerpt":{"rendered":"<p>La 16\u00b0 Marcha de la Gorra ya tiene fecha y lugar: ser\u00e1 el martes 29 de noviembre a las 18 hs., bajo la consigna \u201cOcupar las calles, libres o nada\u201d. La movilizaci\u00f3n partir\u00e1 desde Col\u00f3n y General Paz, convocada por la Mesa Organizativa que re\u00fane a autoconvocadxs, instituciones, organizaciones sociales, estudiantiles, pol\u00edticas y de derechos&hellip; <br \/> <a class=\"button small blue\" href=\"https:\/\/marchadelagorra.org\/2024\/se-viene-la-16-marcha-de-la-gorra-libres-o-nada\/\">Leer m\u00e1s<\/a><\/p>\n","protected":false},"author":3,"featured_media":2723,"comment_status":"closed","ping_status":"closed","sticky":false,"template":"","format":"standard","meta":{"footnotes":""},"categories":[328,314],"tags":[],"class_list":["post-2479","post","type-post","status-publish","format-standard","has-post-thumbnail","hentry","category-16-mdlg","category-actualidad"],"aioseo_notices":[],"_links":{"self":[{"href":"https:\/\/marchadelagorra.org\/2024\/wp-json\/wp\/v2\/posts\/2479","targetHints":{"allow":["GET"]}}],"collection":[{"href":"https:\/\/marchadelagorra.org\/2024\/wp-json\/wp\/v2\/posts"}],"about":[{"href":"https:\/\/marchadelagorra.org\/2024\/wp-json\/wp\/v2\/types\/post"}],"author":[{"embeddable":true,"href":"https:\/\/marchadelagorra.org\/2024\/wp-json\/wp\/v2\/users\/3"}],"replies":[{"embeddable":true,"href":"https:\/\/marchadelagorra.org\/2024\/wp-json\/wp\/v2\/comments?post=2479"}],"version-history":[{"count":0,"href":"https:\/\/marchadelagorra.org\/2024\/wp-json\/wp\/v2\/posts\/2479\/revisions"}],"wp:featuredmedia":[{"embeddable":true,"href":"https:\/\/marchadelagorra.org\/2024\/wp-json\/wp\/v2\/media\/2723"}],"wp:attachment":[{"href":"https:\/\/marchadelagorra.org\/2024\/wp-json\/wp\/v2\/media?parent=2479"}],"wp:term":[{"taxonomy":"category","embeddable":true,"href":"https:\/\/marchadelagorra.org\/2024\/wp-json\/wp\/v2\/categories?post=2479"},{"taxonomy":"post_tag","embeddable":true,"href":"https:\/\/marchadelagorra.org\/2024\/wp-json\/wp\/v2\/tags?post=2479"}],"curies":[{"name":"wp","href":"https:\/\/api.w.org\/{rel}","templated":true}]}}