{"id":2420,"date":"2022-08-26T15:57:30","date_gmt":"2022-08-26T15:57:30","guid":{"rendered":"https:\/\/marchadelagorra.org\/?p=2420"},"modified":"2023-11-18T22:18:11","modified_gmt":"2023-11-18T22:18:11","slug":"8-marcha-nacional-contra-el-gatillo-facil","status":"publish","type":"post","link":"https:\/\/marchadelagorra.org\/2024\/8-marcha-nacional-contra-el-gatillo-facil\/","title":{"rendered":"8\u00b0 Marcha Nacional contra el Gatillo F\u00e1cil"},"content":{"rendered":"<p class=\"rtejustify\">Este viernes 26 de agosto a las 17 hs se lleva a cabo la 8\u00b0 Marcha Nacional contra el Gatillo F\u00e1cil, en simult\u00e1neo con diferentes ciudades del pa\u00eds. Bajo la consigna \u201c\u00a1Por lxs pibxs que nos faltan, por lxs pibxs que nos quedan, somos grito de rebeld\u00eda!\u201d, desde la\u00a0<a href=\"https:\/\/www.facebook.com\/Coordidefamiliares.cba\/\" target=\"_blank\" rel=\"noopener\">Coordinadora de Familiares de V\u00edctimas de Gatillo F\u00e1cil<\/a>\u00a0y las organizaciones que la convocan, pretenden visibilizar los casos de violencia institucional letal que se vienen sucediendo desde hace a\u00f1os y este a\u00f1o, la denuncia est\u00e1 centrada contra el Poder Judicial provincial responsable de investigar y sancionar en los casos que corresponda, a los responsables de estos homicidios.<\/p>\n<p class=\"rtejustify\">Las demoras, inconsistencias, investigaciones insuficientes y heterog\u00e9neas en relaci\u00f3n a la visibilidad medi\u00e1tica o no de los casos, son moneda corriente y forman parte esencial de la cadena de impunidad policial que se genera en muchos de estos casos.<\/p>\n<p class=\"rtejustify\"><strong>La situaci\u00f3n en C\u00f3rdoba es alarmante.<\/strong>\u00a0El aumento del presupuesto en materia de seguridad, se manifiesta en un aumento del personal policial, que implic\u00f3 determinados cambios tanto en las formas de ocupar el territorio, principalmente urbano, como en el uso letal de la fuerza de seguridad. Como consecuencia de esto la provincia de C\u00f3rdoba, en la pandemia se profundizaron y se extendieron las pr\u00e1cticas de hostigamiento policial, tal como se registr\u00f3 en el relevamiento realizado por esta facultad (<a href=\"https:\/\/sociales.unc.edu.ar\/content\/conversatorio-la-violencia-institucional-en-el-marco-del-aislamiento-social-y-obligatorio\">https:\/\/sociales.unc.edu.ar\/content\/conversatorio-la-violencia-institucional-en-el-marco-del-aislamiento-social-y-obligatorio<\/a>\u00a0) y pese a la ausencia de cobertura medi\u00e1tica de la mayor\u00eda de los casos y de la sanci\u00f3n de un Protocolo sobre el uso de armas para las fuerzas de seguridad durante el 2020, los casos de uso de la fuerza letal por parte de efectivos policiales se siguen manteniendo en cantidad (entre 10 y 15 casos anuales) y modalidades. Lejos de ser una medida extrema y de respetar criterios de estricta proporcionalidad, constituye una pr\u00e1ctica habitual y sistem\u00e1tica por parte de quienes integran la polic\u00eda cordobesa.<\/p>\n<p class=\"rtejustify\">En estos \u00faltimos meses se denunciaron alarmantes casos en el interior de la provincia y algunos de ellos, vinculado con las vulneraciones de derechos en el campo de la salud mental.\u00a0<strong>Es por ello que desde la Facultad de Sociales expresamos nuestra preocupaci\u00f3n por los graves hechos de violencia institucional que sigue protagonizando la Polic\u00eda de C\u00f3rdoba y apelamos al compromiso de las autoridades locales con la construcci\u00f3n de una sociedad m\u00e1s justa. A su vez, solicitamos que se aborden estos problemas del modo en que la democracia lo exige y solicitamos que se convoque a una mesa de actores estatales y no estatales a los fines de avanzar en la articulaci\u00f3n de acciones concretas en este preocupante tema.<\/strong><\/p>\n<p class=\"rtejustify\"><strong>Finalmente, reafirmamos nuestro compromiso con esta tem\u00e1tica y adherimos al reclamo de justicia de las madres y familiares de v\u00edctimas de Gatillo F\u00e1cil, y convocamos a participar hoy en la 8\u00b0 Marcha Nacional contra el Gatillo F\u00e1cil que sale a las 17 hs desde Col\u00f3n y Gral Paz.<\/strong><\/p>\n<p><iframe src=\"https:\/\/www.ivoox.com\/player_ej_91601856_6_1.html?c1=53272b\" width=\"100%\" height=\"200\" frameborder=\"0\" scrolling=\"no\" allowfullscreen=\"allowfullscreen\"><\/iframe><\/p>\n","protected":false},"excerpt":{"rendered":"<p>Este viernes 26 de agosto a las 17 hs se lleva a cabo la 8\u00b0 Marcha Nacional contra el Gatillo F\u00e1cil, en simult\u00e1neo con diferentes ciudades del pa\u00eds. Bajo la consigna \u201c\u00a1Por lxs pibxs que nos faltan, por lxs pibxs que nos quedan, somos grito de rebeld\u00eda!\u201d, desde la\u00a0Coordinadora de Familiares de V\u00edctimas de Gatillo&hellip; <br \/> <a class=\"button small blue\" href=\"https:\/\/marchadelagorra.org\/2024\/8-marcha-nacional-contra-el-gatillo-facil\/\">Leer m\u00e1s<\/a><\/p>\n","protected":false},"author":3,"featured_media":2730,"comment_status":"closed","ping_status":"closed","sticky":false,"template":"","format":"standard","meta":{"footnotes":""},"categories":[314],"tags":[],"class_list":["post-2420","post","type-post","status-publish","format-standard","has-post-thumbnail","hentry","category-actualidad"],"aioseo_notices":[],"_links":{"self":[{"href":"https:\/\/marchadelagorra.org\/2024\/wp-json\/wp\/v2\/posts\/2420","targetHints":{"allow":["GET"]}}],"collection":[{"href":"https:\/\/marchadelagorra.org\/2024\/wp-json\/wp\/v2\/posts"}],"about":[{"href":"https:\/\/marchadelagorra.org\/2024\/wp-json\/wp\/v2\/types\/post"}],"author":[{"embeddable":true,"href":"https:\/\/marchadelagorra.org\/2024\/wp-json\/wp\/v2\/users\/3"}],"replies":[{"embeddable":true,"href":"https:\/\/marchadelagorra.org\/2024\/wp-json\/wp\/v2\/comments?post=2420"}],"version-history":[{"count":0,"href":"https:\/\/marchadelagorra.org\/2024\/wp-json\/wp\/v2\/posts\/2420\/revisions"}],"wp:featuredmedia":[{"embeddable":true,"href":"https:\/\/marchadelagorra.org\/2024\/wp-json\/wp\/v2\/media\/2730"}],"wp:attachment":[{"href":"https:\/\/marchadelagorra.org\/2024\/wp-json\/wp\/v2\/media?parent=2420"}],"wp:term":[{"taxonomy":"category","embeddable":true,"href":"https:\/\/marchadelagorra.org\/2024\/wp-json\/wp\/v2\/categories?post=2420"},{"taxonomy":"post_tag","embeddable":true,"href":"https:\/\/marchadelagorra.org\/2024\/wp-json\/wp\/v2\/tags?post=2420"}],"curies":[{"name":"wp","href":"https:\/\/api.w.org\/{rel}","templated":true}]}}