{"id":2403,"date":"2021-11-20T18:38:47","date_gmt":"2021-11-20T18:38:47","guid":{"rendered":"https:\/\/marchadelagorra.org\/?p=2403"},"modified":"2023-11-19T01:47:10","modified_gmt":"2023-11-19T01:47:10","slug":"la-mdlg-se-mueve-y-se-replica","status":"publish","type":"post","link":"https:\/\/marchadelagorra.org\/2024\/la-mdlg-se-mueve-y-se-replica\/","title":{"rendered":"La MDLG se mueve y se replica"},"content":{"rendered":"<h2>\u00bfqui\u00e9n nos cuida de la yuta?<\/h2>\n<p>La Marcha de la Gorra sigue y se replica, no es un polic\u00eda es toda la instituci\u00f3n, no pasa s\u00f3lo en C\u00f3rdoba&#8230;Cu\u00e1nto m\u00e1s? cu\u00e1ntxs pibxs m\u00e1s? Cu\u00e1ntas Marchas de la Gorra m\u00e1s? lxs pibxs no son peligrosxs, estan en peligro.<\/p>\n<h3>Marcha en Ciudad Aut\u00f3noma de Buenos Aires<\/h3>\n<h3>Marcha en Mar del Plata<\/h3>\n<h3>Marcha en Paran\u00e1, Entre R\u00edos<\/h3>\n<h3>Marcha Justicia x Lucas<\/h3>\n","protected":false},"excerpt":{"rendered":"<p>\u00bfqui\u00e9n nos cuida de la yuta? La Marcha de la Gorra sigue y se replica, no es un polic\u00eda es toda la instituci\u00f3n, no pasa s\u00f3lo en C\u00f3rdoba&#8230;Cu\u00e1nto m\u00e1s? cu\u00e1ntxs pibxs m\u00e1s? Cu\u00e1ntas Marchas de la Gorra m\u00e1s? lxs pibxs no son peligrosxs, estan en peligro. Marcha en Ciudad Aut\u00f3noma de Buenos Aires Marcha en&hellip; <br \/> <a class=\"button small blue\" href=\"https:\/\/marchadelagorra.org\/2024\/la-mdlg-se-mueve-y-se-replica\/\">Leer m\u00e1s<\/a><\/p>\n","protected":false},"author":3,"featured_media":2740,"comment_status":"closed","ping_status":"closed","sticky":false,"template":"","format":"standard","meta":{"footnotes":""},"categories":[323,327,314],"tags":[],"class_list":["post-2403","post","type-post","status-publish","format-standard","has-post-thumbnail","hentry","category-aca-se-marcha","category-15-mdlg","category-actualidad"],"aioseo_notices":[],"_links":{"self":[{"href":"https:\/\/marchadelagorra.org\/2024\/wp-json\/wp\/v2\/posts\/2403","targetHints":{"allow":["GET"]}}],"collection":[{"href":"https:\/\/marchadelagorra.org\/2024\/wp-json\/wp\/v2\/posts"}],"about":[{"href":"https:\/\/marchadelagorra.org\/2024\/wp-json\/wp\/v2\/types\/post"}],"author":[{"embeddable":true,"href":"https:\/\/marchadelagorra.org\/2024\/wp-json\/wp\/v2\/users\/3"}],"replies":[{"embeddable":true,"href":"https:\/\/marchadelagorra.org\/2024\/wp-json\/wp\/v2\/comments?post=2403"}],"version-history":[{"count":0,"href":"https:\/\/marchadelagorra.org\/2024\/wp-json\/wp\/v2\/posts\/2403\/revisions"}],"wp:featuredmedia":[{"embeddable":true,"href":"https:\/\/marchadelagorra.org\/2024\/wp-json\/wp\/v2\/media\/2740"}],"wp:attachment":[{"href":"https:\/\/marchadelagorra.org\/2024\/wp-json\/wp\/v2\/media?parent=2403"}],"wp:term":[{"taxonomy":"category","embeddable":true,"href":"https:\/\/marchadelagorra.org\/2024\/wp-json\/wp\/v2\/categories?post=2403"},{"taxonomy":"post_tag","embeddable":true,"href":"https:\/\/marchadelagorra.org\/2024\/wp-json\/wp\/v2\/tags?post=2403"}],"curies":[{"name":"wp","href":"https:\/\/api.w.org\/{rel}","templated":true}]}}