{"id":2381,"date":"2021-11-19T14:54:56","date_gmt":"2021-11-19T14:54:56","guid":{"rendered":"https:\/\/marchadelagorra.org\/?p=2381"},"modified":"2023-11-19T01:51:01","modified_gmt":"2023-11-19T01:51:01","slug":"lectura-de-documento-15mdlg","status":"publish","type":"post","link":"https:\/\/marchadelagorra.org\/2024\/lectura-de-documento-15mdlg\/","title":{"rendered":"Lectura de documento 15\u00b0MDLG"},"content":{"rendered":"<p><strong>Documento de la 15\u00b0 Marcha de la Gorra<\/strong><\/p>\n<p>\u00a1Esta es la decimoquinta Marcha de la Gorra! Seguimos caminando las calles, seguimos copando el\u00a0 centro de la ciudad lxs pibxs organizadxs bailando, murgueando y sosteniendo luchas. Sepan que ac\u00e1 est\u00e1n gritando las familias de lxs pibxs que cayeron en manos de la represi\u00f3n. Venimos a denunciar, todas y cada una de las veces que sean necesarias, las pol\u00edticas represivas del Estado.<br \/>\nEstamos hartxs de los privilegios para unos pocos, que se garantizan por medio de las fuerzas represivas.<\/p>\n<p>Venimos a ocupar las calles, las plazas, el centro, la ciudad, los barrios, todo lo que nos niegan las pol\u00edticas de Estado que refuerzan la represi\u00f3n contra aquellos sectores que son vulnerados. Los espacios que por lucha, esfuerzo y organizaci\u00f3n son nuestros, son p\u00fablicos.<br \/>\nHoy gritamos m\u00e1s que nunca: \u00a1No es un solo polic\u00eda, es toda la instituci\u00f3n! Es la burocracia armada y desplegada para disciplinar. Nuestros nombres no son para llenar planillas de comisar\u00edas. No importa cu\u00e1nto le laven la cara a la yuta con cambios de c\u00fapula. No importan las reformas de los c\u00f3digos legales y protocolos \u00a1En C\u00f3rdoba siguen persiguiendo y deteniendo por portaci\u00f3n de rostro! Los cambios \u00a0contravencionales han significado una mayor judicializaci\u00f3n de lxs pibxs. Los mismos que en sus propios barrios viven el amedrentamiento, el verdugueo, y las amenazas de los uniformados.<br \/>\nLos actuales jefes de Estado, tanto a nivel provincial como a nivel nacional, ejercen una continuaci\u00f3n represiva, que es la que requiere este sistema capitalista, patricarcal y colonial.<br \/>\nEs por ello que el gobernador Juan Schiaretti, el ministro de Seguridad Mosquera, la jefa de polic\u00eda Z\u00e1rate Belletti, la justicia federal y provincial son los principales responsables de que los lugares<br \/>\nde encierro est\u00e9 abarrotadxs de pibxs a lxs que detienen por ser de un barrio popular, por usar cierta ropa o por andar de gorra. Son los estigmas discriminatorios y criminalizatorios que se depositan sobre unos cuerpos se\u00f1alados.<br \/>\nEsta pol\u00edtica de Estado ya lleva asesinadas en C\u00f3rdoba a m\u00e1s de 500 personas desde el fin de la \u00faltima dictadura c\u00edvico militar eclesi\u00e1stica, y a nivel pa\u00eds el \u00edndice de una persona asesinada por las fuerzas represivas es cada 19 horas. El gatillo f\u00e1cil, los asesinatos en lugares de encierro, y los femicidios de uniforme son pol\u00edticas de Estado. Se suman las amenazas y la persecuci\u00f3n que sufren las familias de las personas asesinadas por uniformados, que luchancontra un Poder Judicial c\u00f3mplice, capitalista y patriarcal, que garantiza la impunidad. As\u00ed como el gobierno avala el gatillo f\u00e1cil, el poder judicial avala el sobreseimiento f\u00e1cil, la libertad, la vista gorda, para los autores materiales, intelectuales y pol\u00edticos, de los cr\u00edmenes de Estado.<\/p>\n<p>La gravedad que se viv\u00eda en los lugares de encierro, se increment\u00f3 exponencialmente desde la pandemia en todo el pa\u00eds. En C\u00f3rdoba, a respuesta del Estado a las necesidades de las personas detenidas en la crisis sanitaria, ha sido la represi\u00f3n, como la que se vivi\u00f3 en el EP9 cuando un detenido del pabell\u00f3n amarillo falleci\u00f3 por falta de asistencia m\u00e9dica. En las c\u00e1rceles de C\u00f3rdoba lxs privadxs de la libertad no solo mueren de COVID, sino que tambi\u00e9n mueren por falta de medicaci\u00f3n, y de condiciones sanitarias. Las torturas, que incluyen \u2018\u2018camas de sujeci\u00f3n\u2019\u2019 y celdas de aislamiento, son comunes en estos sitios. Las personas privadas de su libertada no deben estar expuestxs a m\u00e1s situaciones de vulnerabilidad, m\u00faltiples que buscan denigrar, sea en las c\u00e1rceles,<br \/>\no en el complejo esperanza, que funciona como c\u00e1rcel. Se suman las torturas en el Centro Psico Asistencial (CPA), donde lxs internadx que requieren asistencia en salud mental reciben las torturas de los carceleros y profesionales. Las fuerzas represivas no deben actuar frente a usuarixs de la salud mental. Deben actuar los equipos sanitarios e interdisiplinarios. \u00a1El ministerio de Justicia y Derechos Humanos, con Julian L\u00f3pez a la cabeza, es responsable!<br \/>\nLos dispositivos de consumo problem\u00e1tico no pueden estar aliados a medidas represivas y\u00a0 prohibicionistas como se maneja el aparato represor. Una persona que est\u00e1 en un padecimiento subjetivo necesita profesionales de la salud no persecuci\u00f3n, ni mano dura. Las instituciones sanitarias se ven atravesadas por el ajuste y la desidia del Estado, que vulnera sus derechos una y otra vez. Dejen de criminalizar los consumos de sustancias, el cultivo de marihuana, personas neurodiversas y a quienes necesiten ser usuarixs de la Salud Mental \u00a1Exigimos la aplicaci\u00f3n ya de la ley de salud mental! La narco Polic\u00eda, el narco Estado, no pueden dar soluci\u00f3n a los consumos probl\u00e9maticos y al narcotr\u00e1fico, que usa a los pibes de mulas y dylers.<br \/>\nSeguimos marchando porque la deuda es con el pueblo, y no con el FMI. Con un 40% de la poblaci\u00f3n bajo los \u00edndices de pobreza e indigencia, la prioridad de los partidos burgueses es pagar<br \/>\nuna deuda fraudulenta y usuraria a costa de ajuste y precarizaci\u00f3n. La nueva conformaci\u00f3n del gabinete nacional marca un camino de profundizaci\u00f3n del ajuste. Mientras se mantienen los\u00a0 pagadores seriales de deuda como Guzm\u00e1n, se incluye a Manzur y Anibal Fernandez para imponer una pol\u00edtica de m\u00e1s ajuste y represi\u00f3n \u00a1A los asesinos de Dar\u00edo y Maxi ni perd\u00f3n ni reconciliaci\u00f3n!<br \/>\n\u00a1Fuera Anibal Fernandez!El \u00fanico gasto estable y en aumento de los gobiernos,provinciales y nacional sigue siendo en materia represiva. Se han incrementado la cantidad de polic\u00edas en la provincia, elevando a 25.000 la cantidad de efectivos en C\u00f3rdoba, los gastos son en m\u00f3viles, motos, armas, camaras de vigilancia. Mientras se ajusta a sectores que ponen el cuerpo para enfrentar la crisis sanitaria y las necesidades de las personas.<\/p>\n<p>El gobierno de Fern\u00e1ndez dice que no a pagar la deuda a costa del hambre del pueblo. Pero los comedores populares siguen alimentando a las barriadas pese al recorte de las partidas presupuestarias y la inflaci\u00f3n de los alimentos. Los sectores de salud en la pandemia luchan contra el COVID y la flexibilizaci\u00f3n laboral. Los sectores educativos intentan garantizar que lxs j\u00f3venes puedan tener clases, pese a que el Estado no garantiz\u00f3 que todxs lxs estudiantes tengan formas de conectarse, ni invirti\u00f3 en infraestructura edilicia en los colegios. A su vez la precarizaci\u00f3n en la docencia deja como saldo una enorme deserci\u00f3n estudiantil.<br \/>\nLa juventud es uno de los sectores que m\u00e1s est\u00e1 afectado por la vulneraci\u00f3n de sus derechos. A esa juventud, que siempre se hizo presente en la Marcha de la Gorra, lo \u00fanico que le propone el Estado es la represi\u00f3n y el castigo. Una y otra vez se intenta bajar la de edad de punibilidad. Les venimos a gritar una vez m\u00e1s que \u00a1C\u00f3rdoba NO BAJA! Que en encerrar a les pibes no hay ninguna soluci\u00f3n. Denunciamos que el 50% de las personas asesinadas por las fuerzas represivas del estado, por el gatillo f\u00e1cil o por las torturas, son ni\u00f1xs y j\u00f3venes y aunque muchos digan que \u00abalgo habr\u00e1n hecho\u00bb, a nosotres no nos dan lo mismo.<br \/>\nEst\u00e1 marcha naci\u00f3 en el 2007, junto a muchas organizaciones reclamamos que C\u00f3rdoba adhiriera a la Ley 26061, de protecci\u00f3n de los derechos de les ni\u00f1es y j\u00f3venes. 15 a\u00f1os despu\u00e9s seguimos reclamando que esos derechos se cumplan, que el gobierno invierta en su protecci\u00f3n y que se acabe la situaci\u00f3n de ajuste permanente en Senaf.Les pibes no son peligrosos, est\u00e1n en peligro!<\/p>\n<p>A su vez se llevan por delante derechos b\u00e1sicos como el de la vivienda digna. Los desalojos no han parado con la pandemia, se han incrementado en todo el pa\u00eds. En C\u00f3rdoba los desalojos de Estaci\u00f3n Ferreira y Cabildo, y la demora en soluciones concretas a las familias de Parque Esperanza, al que se suma el de Agustina Tolosa en Salsipuedes: son los claros ejemplos de c\u00f3mo trata el gobierno provincial a quienes necesitan un techo. Los desalojos en Guernica por parte de Kicillof, Berni y Fern\u00e1ndez y el de la Villa 31 por parte de Rodr\u00edguez Larreta, son la muestra que para reprimir y hacer negociados con los especuladores inmobiliarios, no hay grietas. La falta de acceso a la tierra, a la vivienda y a servicios b\u00e1sicos se vive en todo el pa\u00eds \u00a1La tierra es para quien<br \/>\nla habita y para el pueblo!<br \/>\nLa tierra es para quienes la trabajan y para la naturaleza. Rechazamos las pol\u00edticas terricidas y ecocidas, el desmonte quemando las sierras para beneficio de grupos empresariales, agronegocios y negocios inmobiliarios, promoviendo represi\u00f3n para los pueblos originarios. En C\u00f3rdoba decimos junto a las asambleas socioambientales: \u00a1Basta de incendios para sus negocios! El fuego es para la yuta, no para el monte, \u00a1Todo fuego es pol\u00edtico! Nos solidarizamos con los pueblos Comeching\u00f3n, Sanavir\u00f3n, mapuche, wichi, qom y cada uno de los pueblos originarios que pelean, a lo largo y ancho de esta regi\u00f3n actualmente llamada Argentina. Que luchan contra la usurpaci\u00f3n de sus tierras, que los explotadores quieren usar para el fracking, la explotaci\u00f3n minera o el monocultivo. Denunciamos el colapso del sistema cloacal, del que ni Mestre, ni Llaryora se hacen responsables.<br \/>\nRepudiamos los acuerdos pand\u00e9micos con China para criar cerdos. Echamos a Monsanto y vamos a seguir luchando contra PORTA, rechazando el modelo extractivista que nos mata y contamina.<\/p>\n<p>Vamos continuar exigiendo una b\u00fasqueda real de todxs lxs desaparecidxs. Venimos a decir que ellos saben d\u00f3nde est\u00e1 Facundo Rivera Alegre. Vamos a seguir preguntando d\u00f3nde est\u00e1n Yamila Cuello, Luz Oliva, Delia Jer\u00f3nimo Polijo, Silvia Gallardo, Jimena Arias, y exigimos saber qu\u00e9 pas\u00f3 con Cecilia Basald\u00faa y con Marisol Rearte. Exigimos ya el desmantelamiento de las redes de trata, denunciamos la complicidad de la polic\u00eda y del poder judicial con la trata de personas \u00a1Sin yuta no hay trata! Hay que se\u00f1alar la falta de investigaci\u00f3n y la reciente liberaci\u00f3n de Nestor Simone y de Horacio Palacios. Son los se\u00f1alados por la familia de Yamila Cuello como principales sospechosos de su desaparici\u00f3n. Tambi\u00e9n el accionar de la fiscal Paula Kelm que encubre a los verdaderos responsables del asesinato y desaparici\u00f3n de Cecilia Basald\u00faa. Son claros ejemplos de c\u00f3mo la justicia act\u00faa de manera patriarcal, de la mano del delito y el crimen organizado.<br \/>\nMientras en todo el pa\u00eds se exige la aparici\u00f3n con vida del joven trans Tehuel de la Torre, la polic\u00eda de C\u00f3rdoba responde con represi\u00f3n a quienes se solidarizan con Tehuel y su familia. As\u00ed tratan a los sectores disidentes en la provincia, que incluyen detenciones y judicializaciones, sin respetar la identidad autopercibida de las personas.<br \/>\nSeguimos exigiendo justicia por Pepa Gait\u00e1n, Laura Moyano, y por todxs les asesinadxs por ser cuerpes sexogen\u00e9ricamente disidentes, travas, trans, bisexuales, lesbianas, putxs, no binaries! \u00a1Basta de travesticidios, transfemicidios y cr\u00edmenes de odio! Recordamos tambi\u00e9n a Azul Montoro mientras decimos que justicia es que no pase nunca m\u00e1s.<br \/>\nBasta de femicidios, el gobierno es responsable. La polic\u00eda no est\u00e1 para cuidarnos, en esta provincia 4 de los 12 femicidios ocurridos en lo que va del a\u00f1o, fueron cometidos por uniformados. No hay ning\u00fan inter\u00e9s en bajar esa cifra. El gobierno no se plantea el cese del estado policial cuando los polic\u00edas no est\u00e1n en funciones, lo que significa que gran cantidad de los femicidios de uniforme se cometen con el arma reglamentaria.<br \/>\nGritamos bien fuerte en contra de la criminalizaci\u00f3n a lxs trabajadorxs sexuales, ya que la respuesta a las demandas por las faltas de derechos de este sector, sigue siendo el amedrentamiento y las detenciones. \u00a1Siempre con las putas, nunca con la yuta! Tambi\u00e9n exigimos el cumplimiento real del cupo y ley de inclusi\u00f3n laboral travesti- trans.<br \/>\nExigimos tambi\u00e9n la implementaci\u00f3n efectiva de la ley de aborto legal, seguro y gratuito en todos los centros de salud. Denunciamos la designaci\u00f3n de Manzur como jefe de gabinete es un ataque a las conquistas de las mujeres y disidencias sexo gen\u00e9ricas. No queremos antiderechos, \u00a1Fuera Manzur! En los barrios se sigue privando a lxs cuerpxs gestante de su derecho a decidir. Queremos Educaci\u00f3n Sexual Integral para decidir, anticonceptivos para no abortar, y acceso al aborto legal para no morir. \u00a1Libertad ya para todxs lxs detenidxs por abortar!<br \/>\nReivindicamos la protesta como m\u00e9todo para obtener derechos. Repudiamos toda criminalizaci\u00f3n a quienes luchan. Nos solidarizamos con lxs 27 estudiantes procesadxs de la UNC por defender la educaci\u00f3n para el pueblo y abrazamos la lucha de les estudiantes de la UNRN \u00a1Absoluci\u00f3n YA! .<br \/>\nTambien repudiamos la condena a Daniel Ruiz y Cesar Arakaki, luchadores populares contra el ajuste de Macri en 2017. Nos oponemos tambi\u00e9n a extradici\u00f3n del luchador Facundo Molares de Argentina a Colombia. Basta de criminalizar la protesta y los m\u00e9todos de lucha. Repudiamos todo intento del oficialismo provincial, con sus proyectos de penalizaci\u00f3n al reclamo, y a los cortes de<br \/>\ncalle. Nos indignan las propuestas como la del concejal Diego Casado de impulsa un proyecto para multar los reclamos populares.<br \/>\nCon quince a\u00f1os de lucha a cuestas, tambi\u00e9n nos solidarizamos con todas las luchas que se est\u00e9n dando en el Abya Yala en contra de este sistema patriarcal, colonial y explotador, que no cierra sin<br \/>\nrepresi\u00f3n.<br \/>\nPor eso ac\u00e1 estamos, somos la marcha de la Gorra, la de lxs pibxs, la de las disidencias, la de las mujeres, la de lxs migrantes, la de lxs familiares, la de lxs trabajadorxs sexuales, la de los pueblos originarios, la que sigue caminando, la que sigue luchando contra pol\u00edticas estatales de saqueo y hambre, la que exige el desmantelamiento del aparato represivo, la que sigue de pie. La que no olvida, la que no perdona, la que no se reconcilia con represores ni antiderechos. Somos el miedo de los poderosos, por eso vallan las calles y ponen a los azules con sus cascos y sus palos, porque no claudicamos ni nos rendimos porque a la <strong>REPRESI\u00d3N NI CABIDA, 15 a\u00f1os de BRONCA Y LUCHA COLECTIVA.<\/strong><\/p>\n<p><iframe title=\"YouTube video player\" src=\"https:\/\/www.youtube.com\/embed\/xS4pFiPf4a8\" width=\"300\" height=\"300\" frameborder=\"0\" allowfullscreen=\"allowfullscreen\"><span data-mce-type=\"bookmark\" class=\"mce_SELRES_start\">\ufeff<\/span><\/iframe><\/p>\n<p><iframe title=\"YouTube video player\" src=\"https:\/\/www.youtube.com\/embed\/0KqPYnOEejw\" width=\"300\" height=\"300\" frameborder=\"0\" allowfullscreen=\"allowfullscreen\"><span data-mce-type=\"bookmark\" class=\"mce_SELRES_start\">\ufeff<\/span><\/iframe><\/p>\n","protected":false},"excerpt":{"rendered":"<p>Documento de la 15\u00b0 Marcha de la Gorra \u00a1Esta es la decimoquinta Marcha de la Gorra! Seguimos caminando las calles, seguimos copando el\u00a0 centro de la ciudad lxs pibxs organizadxs bailando, murgueando y sosteniendo luchas. Sepan que ac\u00e1 est\u00e1n gritando las familias de lxs pibxs que cayeron en manos de la represi\u00f3n. Venimos a denunciar,&hellip; <br \/> <a class=\"button small blue\" href=\"https:\/\/marchadelagorra.org\/2024\/lectura-de-documento-15mdlg\/\">Leer m\u00e1s<\/a><\/p>\n","protected":false},"author":3,"featured_media":2742,"comment_status":"closed","ping_status":"closed","sticky":false,"template":"","format":"standard","meta":{"footnotes":""},"categories":[327,314],"tags":[],"class_list":["post-2381","post","type-post","status-publish","format-standard","has-post-thumbnail","hentry","category-15-mdlg","category-actualidad"],"aioseo_notices":[],"_links":{"self":[{"href":"https:\/\/marchadelagorra.org\/2024\/wp-json\/wp\/v2\/posts\/2381","targetHints":{"allow":["GET"]}}],"collection":[{"href":"https:\/\/marchadelagorra.org\/2024\/wp-json\/wp\/v2\/posts"}],"about":[{"href":"https:\/\/marchadelagorra.org\/2024\/wp-json\/wp\/v2\/types\/post"}],"author":[{"embeddable":true,"href":"https:\/\/marchadelagorra.org\/2024\/wp-json\/wp\/v2\/users\/3"}],"replies":[{"embeddable":true,"href":"https:\/\/marchadelagorra.org\/2024\/wp-json\/wp\/v2\/comments?post=2381"}],"version-history":[{"count":0,"href":"https:\/\/marchadelagorra.org\/2024\/wp-json\/wp\/v2\/posts\/2381\/revisions"}],"wp:featuredmedia":[{"embeddable":true,"href":"https:\/\/marchadelagorra.org\/2024\/wp-json\/wp\/v2\/media\/2742"}],"wp:attachment":[{"href":"https:\/\/marchadelagorra.org\/2024\/wp-json\/wp\/v2\/media?parent=2381"}],"wp:term":[{"taxonomy":"category","embeddable":true,"href":"https:\/\/marchadelagorra.org\/2024\/wp-json\/wp\/v2\/categories?post=2381"},{"taxonomy":"post_tag","embeddable":true,"href":"https:\/\/marchadelagorra.org\/2024\/wp-json\/wp\/v2\/tags?post=2381"}],"curies":[{"name":"wp","href":"https:\/\/api.w.org\/{rel}","templated":true}]}}