{"id":2376,"date":"2021-11-18T12:06:33","date_gmt":"2021-11-18T12:06:33","guid":{"rendered":"https:\/\/marchadelagorra.org\/?p=2376"},"modified":"2023-11-19T01:52:02","modified_gmt":"2023-11-19T01:52:02","slug":"la-15mdlg-en-los-medios","status":"publish","type":"post","link":"https:\/\/marchadelagorra.org\/2024\/la-15mdlg-en-los-medios\/","title":{"rendered":"La 15\u00b0MDLG en los medios"},"content":{"rendered":"<div class=\"o9v6fnle cxmmr5t8 oygrvhab hcukyx3x c1et5uql ii04i59q\">\n<div dir=\"auto\"><strong>Entrevista para el programa <a class=\"oajrlxb2 g5ia77u1 qu0x051f esr5mh6w e9989ue4 r7d6kgcz rq0escxv nhd2j8a9 nc684nl6 p7hjln8o kvgmc6g5 cxmmr5t8 oygrvhab hcukyx3x jb3vyjys rz4wbd8a qt6c0cv9 a8nywdso i1ao9s8h esuyzwwr f1sip0of lzcic4wl q66pz984 gpro0wi8 b1v8xokw\" tabindex=\"0\" role=\"link\" href=\"https:\/\/www.facebook.com\/nadiesalevivoperiodista?__cft__[0]=AZX1JR-t5RkMunLBOQpqz9JMxjU6O80ok0wdZ-Qe3dof5y2DZUGdGC2ZsgdIYTthX0ATyRzGBVtBz0jMyb_1lyIVaQRhWUlN-UGBK1U6iiuKXfYfI71Is1x-VOie-TBRyrdssALwQurYhkuJkxcb9N52&amp;__tn__=-]K-R\"><span class=\"nc684nl6\">Nadie Sale Vivo de Aqu\u00ed<\/span><\/a> de la 102.3 FM<\/strong><\/div>\n<div dir=\"auto\"><\/div>\n<div dir=\"auto\">\u00ab<em>No hay que perder de vista de que los casos de <a class=\"oajrlxb2 g5ia77u1 qu0x051f esr5mh6w e9989ue4 r7d6kgcz rq0escxv nhd2j8a9 nc684nl6 p7hjln8o kvgmc6g5 cxmmr5t8 oygrvhab hcukyx3x jb3vyjys rz4wbd8a qt6c0cv9 a8nywdso i1ao9s8h esuyzwwr f1sip0of lzcic4wl q66pz984 gpro0wi8 b1v8xokw\" tabindex=\"0\" role=\"link\" href=\"https:\/\/www.facebook.com\/hashtag\/gatillofacil?__eep__=6&amp;__cft__[0]=AZX1JR-t5RkMunLBOQpqz9JMxjU6O80ok0wdZ-Qe3dof5y2DZUGdGC2ZsgdIYTthX0ATyRzGBVtBz0jMyb_1lyIVaQRhWUlN-UGBK1U6iiuKXfYfI71Is1x-VOie-TBRyrdssALwQurYhkuJkxcb9N52&amp;__tn__=*NK-R\">#GatilloFacil<\/a> se vienen acumulando y no llegan a tener avances judiciales significativos<\/em>\u00bb Leandro, parte organizativa de la <a class=\"oajrlxb2 g5ia77u1 qu0x051f esr5mh6w e9989ue4 r7d6kgcz rq0escxv nhd2j8a9 nc684nl6 p7hjln8o kvgmc6g5 cxmmr5t8 oygrvhab hcukyx3x jb3vyjys rz4wbd8a qt6c0cv9 a8nywdso i1ao9s8h esuyzwwr f1sip0of lzcic4wl q66pz984 gpro0wi8 b1v8xokw\" tabindex=\"0\" role=\"link\" href=\"https:\/\/www.facebook.com\/MarchaDeLaGorraCba\/?__cft__[0]=AZX1JR-t5RkMunLBOQpqz9JMxjU6O80ok0wdZ-Qe3dof5y2DZUGdGC2ZsgdIYTthX0ATyRzGBVtBz0jMyb_1lyIVaQRhWUlN-UGBK1U6iiuKXfYfI71Is1x-VOie-TBRyrdssALwQurYhkuJkxcb9N52&amp;__tn__=kK-R\"><span class=\"nc684nl6\">Marcha de la Gorra C\u00f3rdoba<\/span><\/a><\/div>\n<\/div>\n<p><iframe src=\"\/\/ar.radiocut.fm\/audiocut\/embed\/mini\/15o-marcha-gorra-a-represion-ni-cabida-15-anos-bronca-y-lucha-colectiva\/\" width=\"100%\" height=\"65px\" frameborder=\"no\" scrolling=\"no\"><\/iframe><\/p>\n<hr \/>\n<p><a href=\"https:\/\/www.radionacional.com.ar\/en-cordoba-continua-desarrollandose-un-modelo-represivo\/\" target=\"_blank\" rel=\"noopener\">LRA 7 C\u00d3RDOBA AM 750 \/ FM 100.1<\/a> <strong>\u00abEn C\u00f3rdoba contin\u00faa desarroll\u00e1ndose un modelo represivo\u00bb<\/strong><\/p>\n<p>Con motivo de la 15\u00aa edici\u00f3n de la Marcha de la Gorra, los organizadores denunciaron que en C\u00f3rdoba contin\u00faa un accionar represivo de parte de las fuerzas de seguridad, m\u00e1s all\u00e1 de los cambios en distintas normativas.\u201cAntes era el C\u00f3digo de Faltas, con la figura de \u2018merodeo\u2019, hoy es el C\u00f3digo de Convivencia. La violencia estatal est\u00e1 presente. Esta marcha tambi\u00e9n le dio identidad propia a la C\u00f3rdoba movilizada\u00bb, se\u00f1alaron desde la organizaci\u00f3n de la marcha a Radio Nacional. \u00abLa Polic\u00eda es un aparato. Tiene sus internas y su poder desde adentro\u201d, explicaron, al tiempo que remarcaron que \u201cen estos a\u00f1os tuvimos una relaci\u00f3n fuerte con familiares de v\u00edctimas de gatillo f\u00e1cil\u00bb.<\/p>\n<audio class=\"wp-audio-shortcode\" id=\"audio-2376-1\" preload=\"none\" style=\"width: 100%;\" controls=\"controls\"><source type=\"audio\/mpeg\" src=\"https:\/\/cdn-sp.radionacional.com.ar\/wp-content\/uploads\/2021\/11\/18-11-NPMM-Leandro-Marcha-Gorra-Cpta.mp3?_=1\" \/><a href=\"https:\/\/cdn-sp.radionacional.com.ar\/wp-content\/uploads\/2021\/11\/18-11-NPMM-Leandro-Marcha-Gorra-Cpta.mp3\">https:\/\/cdn-sp.radionacional.com.ar\/wp-content\/uploads\/2021\/11\/18-11-NPMM-Leandro-Marcha-Gorra-Cpta.mp3<\/a><\/audio>\n<hr \/>\n<p><a href=\"https:\/\/suresnoticias.com.ar\/contenido\/2967\/se-realiza-hoy-la-15-marcha-de-la-gorra-en-cordoba\" target=\"_blank\" rel=\"noopener\">Sures Noticias<\/a><br \/>\n<strong>Se realiza hoy la 15\u00b0 Marcha de la Gorra en C\u00f3rdoba<\/strong><\/p>\n<p>\u00abA 14 a\u00f1os del primer encuentro, la Marcha de la Gorra vuelve a gritar: \u00a1no es un s\u00f3lo polic\u00eda, sino que es toda la instituci\u00f3n, es todo el aparato armado desplegado para disciplinar!\u00bb. Se\u00f1ala la convocatoria. La consigna de este a\u00f1o es \u00ab\u00a1A la represi\u00f3n ni cabida, 15 a\u00f1os de bronca y lucha colectiva!\u00bb. Presentaron el documento de la marcha.<\/p>\n","protected":false},"excerpt":{"rendered":"<p>Entrevista para el programa Nadie Sale Vivo de Aqu\u00ed de la 102.3 FM \u00abNo hay que perder de vista de que los casos de #GatilloFacil se vienen acumulando y no llegan a tener avances judiciales significativos\u00bb Leandro, parte organizativa de la Marcha de la Gorra C\u00f3rdoba LRA 7 C\u00d3RDOBA AM 750 \/ FM 100.1 \u00abEn&hellip; <br \/> <a class=\"button small blue\" href=\"https:\/\/marchadelagorra.org\/2024\/la-15mdlg-en-los-medios\/\">Leer m\u00e1s<\/a><\/p>\n","protected":false},"author":3,"featured_media":2746,"comment_status":"closed","ping_status":"closed","sticky":false,"template":"","format":"standard","meta":{"footnotes":""},"categories":[327,314,41],"tags":[],"class_list":["post-2376","post","type-post","status-publish","format-standard","has-post-thumbnail","hentry","category-15-mdlg","category-actualidad","category-audios"],"aioseo_notices":[],"_links":{"self":[{"href":"https:\/\/marchadelagorra.org\/2024\/wp-json\/wp\/v2\/posts\/2376","targetHints":{"allow":["GET"]}}],"collection":[{"href":"https:\/\/marchadelagorra.org\/2024\/wp-json\/wp\/v2\/posts"}],"about":[{"href":"https:\/\/marchadelagorra.org\/2024\/wp-json\/wp\/v2\/types\/post"}],"author":[{"embeddable":true,"href":"https:\/\/marchadelagorra.org\/2024\/wp-json\/wp\/v2\/users\/3"}],"replies":[{"embeddable":true,"href":"https:\/\/marchadelagorra.org\/2024\/wp-json\/wp\/v2\/comments?post=2376"}],"version-history":[{"count":0,"href":"https:\/\/marchadelagorra.org\/2024\/wp-json\/wp\/v2\/posts\/2376\/revisions"}],"wp:featuredmedia":[{"embeddable":true,"href":"https:\/\/marchadelagorra.org\/2024\/wp-json\/wp\/v2\/media\/2746"}],"wp:attachment":[{"href":"https:\/\/marchadelagorra.org\/2024\/wp-json\/wp\/v2\/media?parent=2376"}],"wp:term":[{"taxonomy":"category","embeddable":true,"href":"https:\/\/marchadelagorra.org\/2024\/wp-json\/wp\/v2\/categories?post=2376"},{"taxonomy":"post_tag","embeddable":true,"href":"https:\/\/marchadelagorra.org\/2024\/wp-json\/wp\/v2\/tags?post=2376"}],"curies":[{"name":"wp","href":"https:\/\/api.w.org\/{rel}","templated":true}]}}