{"id":2307,"date":"2021-11-05T12:55:44","date_gmt":"2021-11-05T12:55:44","guid":{"rendered":"https:\/\/marchadelagorra.org\/?p=2307"},"modified":"2021-11-05T12:55:44","modified_gmt":"2021-11-05T12:55:44","slug":"nos-sorprende-y-no-nos-sorprende","status":"publish","type":"post","link":"https:\/\/marchadelagorra.org\/2024\/nos-sorprende-y-no-nos-sorprende\/","title":{"rendered":"Nos sorprende y no nos sorprende"},"content":{"rendered":"\n<p>Un polic\u00eda que formaba parte de la <strong>CAP (Comando Acci\u00f3n Preventiva)<\/strong>, con identidad reservada porque dice que teme recibir represalias, present\u00f3 una denuncia en una fiscal\u00eda penal. Asegura que sus superiores los obligaban a realizar detenciones arbitrarias para dibujar las estad\u00edsticas. Se trata de un subcomisario y un oficial principal. Pero tambi\u00e9n, aparecen en escena un comisario y un actual miembro del Tribunal de Conducta Policial, que habr\u00edan intentado persuadir al denunciante para que desista su cometido.<\/p>\n\n\n\n<p>Las pruebas incluir\u00edan conversaciones por Whatsapp, donde muestran los mensajes que les ordena hacer los \u201ccolchones\u201d diariamente. \u201c<em><strong>Vamos con los controles<\/strong><\/em>\u201d, les dicen y les ordenan, y ellos acatan. As\u00ed los muchachos agarran a cualquiera que vaya en moto, vaya en la calle, vaya malvestido, vaya con pinta de venir muy lejos, vaya con una cara que busca problemas\u2026 Eso, eso cualquiera excusa que sea, vaya directo pa\u2019l calabozo.<\/p>\n\n\n\n<p>Todo se logra, teniendo el <strong>C\u00f3digo de Convivencia<\/strong> a mano, aquella misma que reemplaz\u00f3 el repudiado <strong>C\u00f3digo de Faltas<\/strong>. En realidad, con una mala interpretaci\u00f3n al actual <strong>C\u00f3digo de Convivencia<\/strong>, seg\u00fan se sabe en la prensa.<\/p>\n\n\n\n<p>Nos sorprende por lo inesperado de la noticia. Pero tampoco nos sorprende el contenido.<\/p>\n\n\n\n<p>Ese cambio cosm\u00e9tico del de Faltas al de Convivencia no logra cambiar ni lo estructural ni lo medular del aparato policial en C\u00f3rdoba, que en s\u00ed es represivo. Y siempre subordinado a las \u00f3rdenes que imparten desde arriba bajo ciertos intereses. Porque lo que dice esa denuncia es un calco no solo lo que viene denunciando durante todo \u00e9ste siglo sobre c\u00f3mo la polic\u00eda se lleva a lxs pibes, sino tambi\u00e9n a lo que dice la sentencia contra el comisario Pablo M\u00e1rquez, condenado en 2015 por exactamente lo mismo: ordenar a sus uniformados a detener arbitrariamente, con el C\u00f3digo de Faltas en mano.<\/p>\n\n\n\n<p>No nos sorprende. Pero no por eso ninguneamos la noticia. Como as\u00ed tampoco darle todo el cr\u00e9dito a la denuncia. Como todo aparato, la Polic\u00eda tambi\u00e9n tiene sus disputas internas que se chocan y se salpican entre s\u00ed. Y cuando echan un gran moco, tratan de solucionarlo con otro mocazo. V\u00e9ase si no lo que pas\u00f3 en el 2013 con el esc\u00e1ndalo de los narcopolic\u00edas: cambian de c\u00fapula y con eso terminamos el a\u00f1o con un acuartelamiento policial.<\/p>\n\n\n\n<p>Para este 18 de noviembre, realizaremos la Marcha de la Gorra N\u00famero 15 en la ciudad de C\u00f3rdoba. Y esta noticia es otro motivo que nos impulsa a gritarlo cada vez. Con bronca y con lucha colectiva. A la represi\u00f3n ni cabida. Aunque no nos sorprenda.<\/p>\n","protected":false},"excerpt":{"rendered":"<p>Un polic\u00eda que formaba parte de la CAP (Comando Acci\u00f3n Preventiva), con identidad reservada porque dice que teme recibir represalias, present\u00f3 una denuncia en una fiscal\u00eda penal. Asegura que sus superiores los obligaban a realizar detenciones arbitrarias para dibujar las estad\u00edsticas. Se trata de un subcomisario y un oficial principal. Pero tambi\u00e9n, aparecen en escena&hellip; <br \/> <a class=\"button small blue\" href=\"https:\/\/marchadelagorra.org\/2024\/nos-sorprende-y-no-nos-sorprende\/\">Leer m\u00e1s<\/a><\/p>\n","protected":false},"author":3,"featured_media":2308,"comment_status":"closed","ping_status":"closed","sticky":false,"template":"","format":"standard","meta":{"footnotes":""},"categories":[327,314],"tags":[],"class_list":["post-2307","post","type-post","status-publish","format-standard","has-post-thumbnail","hentry","category-15-mdlg","category-actualidad"],"aioseo_notices":[],"_links":{"self":[{"href":"https:\/\/marchadelagorra.org\/2024\/wp-json\/wp\/v2\/posts\/2307","targetHints":{"allow":["GET"]}}],"collection":[{"href":"https:\/\/marchadelagorra.org\/2024\/wp-json\/wp\/v2\/posts"}],"about":[{"href":"https:\/\/marchadelagorra.org\/2024\/wp-json\/wp\/v2\/types\/post"}],"author":[{"embeddable":true,"href":"https:\/\/marchadelagorra.org\/2024\/wp-json\/wp\/v2\/users\/3"}],"replies":[{"embeddable":true,"href":"https:\/\/marchadelagorra.org\/2024\/wp-json\/wp\/v2\/comments?post=2307"}],"version-history":[{"count":0,"href":"https:\/\/marchadelagorra.org\/2024\/wp-json\/wp\/v2\/posts\/2307\/revisions"}],"wp:featuredmedia":[{"embeddable":true,"href":"https:\/\/marchadelagorra.org\/2024\/wp-json\/"}],"wp:attachment":[{"href":"https:\/\/marchadelagorra.org\/2024\/wp-json\/wp\/v2\/media?parent=2307"}],"wp:term":[{"taxonomy":"category","embeddable":true,"href":"https:\/\/marchadelagorra.org\/2024\/wp-json\/wp\/v2\/categories?post=2307"},{"taxonomy":"post_tag","embeddable":true,"href":"https:\/\/marchadelagorra.org\/2024\/wp-json\/wp\/v2\/tags?post=2307"}],"curies":[{"name":"wp","href":"https:\/\/api.w.org\/{rel}","templated":true}]}}