{"id":2285,"date":"2020-11-21T04:31:32","date_gmt":"2020-11-21T04:31:32","guid":{"rendered":"https:\/\/marchadelagorra.org\/?p=2285"},"modified":"2023-11-18T22:33:43","modified_gmt":"2023-11-18T22:33:43","slug":"el-peor-virus-es-la-yuta-cronica-14mdlg","status":"publish","type":"post","link":"https:\/\/marchadelagorra.org\/2024\/el-peor-virus-es-la-yuta-cronica-14mdlg\/","title":{"rendered":"El peor virus es la yuta \/ Cr\u00f3nica #14MDLG"},"content":{"rendered":"<div class=\"im_message_outer_wrap hasselect\" data-msg-id=\"-7\">\n<div class=\"im_message_wrap clearfix\">\n<div class=\"im_content_message_wrap im_message_out\">\n<div class=\"im_message_body\">\n<div>\n<div class=\"im_message_text\" dir=\"auto\">Pas\u00f3 la 14. Y nos plantamos, enfrentando la pol\u00edtica represiva y defendiendo nuestros derechos.<br \/>\nLa pandemia puede cambiar muchas cosas, pero no la esencia. Porque el peor virus es, fue y ser\u00e1 la yuta. Son casi las seis, y avanza la marcha por las calles.A pesar de la pandemia, nos reunimos.La yuta se mantiene cuidando los edificios, Lxs vecinxs mirando desde las ventanas con extra\u00f1eza e indiferencia. Con la misma indiferencia con que miran por la tele cuando la yuta nos mata a un pibe. Si es que sale en los medios.<\/p>\n<p>Pibis de los barrios. Sonrisas escondidas en barbijos, caras serias y duras, es una marcha distinta, con mucha gente nueva, atrevida. Se sinti\u00f3 la ausencia de quienes no estuvieron por cuidados o porque viven lejos y no tienen bondis. Tambi\u00e9n nos encontramos con les pibis de los barrios.<br \/>\nHay abrazos que faltan.<br \/>\nMuchas cosas quedaron reprimidas hace un mont\u00f3n y pudieron salir. Para gritarles en la cara. En medio de mucho agite, nos enteramos que la Polic\u00eda corta la zona de Boulevar Per\u00f3n y 25 de mayo, para que nuestra Marcha de la Gorra no alcance la entrada del Panal. Parece que nos quieren cortar el recorrido porque nos quieren quitar la fiesta.<\/p>\n<p>Mucha manija, con flayada de colores. Rojos y azules. Pintadas y pegatineadas en las esquinas. Una presencia fuerte de intervenciones, con el gobernador arriba de una jaula.<\/p>\n<p>Se mantiene la organizaci\u00f3n, la murga, las banderas y les pibes; el arte cal\u00e1ndote los huesos, meti\u00e9ndose a la fuerza en los o\u00eddos de los indiferentes. Porque no podes no ver, entr\u00e1.<br \/>\nFalta el mate compartido, la birra del pico, lxs que viven lejos y no pudieron venir. Sobra la bronca y el enojo, nos desborda el odio por la represi\u00f3n y la injusticia. Una nena baila con los tambores. Un pibe vendiendo bolsas, que marcha pero tambi\u00e9n trabaja, porque tiene que llevar el pan a la casa. Est\u00e1n lxs familiares de v\u00edctimas de gatillo f\u00e1cil. Y el kiosquero disfrutando de la pausa.<br \/>\nAh\u00ed est\u00e1n les ni\u00f1es, que en un par de a\u00f1os ser\u00e1n grandes, como seguro pas\u00f3 con muchxs grandes que vinieron de ni\u00f1xs y que tuvieron la suerte de que un yuta no los pare. Los choris.<\/p>\n<p>Nadie se suicida en una comisaria. Nadie se suicida en una c\u00e1rcel. La lista interminable de pibis, la ambulancia que nunca falta. Los bombos que te estremecen. La murga que te invita a bailar.<\/p>\n<p>Llegando al tramo final, un cad\u00e1ver exquisito hecho por todes se despliega entre los postes de luz. Letras en redes, como las que construimos y nos potencian. Como un techito de energ\u00eda.<br \/>\nNo llegamos al Panal. Pusieron distancia. Estuvimos cara a cara con la polic\u00eda. Frente a frente, a la misma altura. Solo una valla que dice \u201cSomos memoria presente\u201d nos separaba.<\/p>\n<p>Somos Memoria Presente, la valla dice y con esa frase marca las diferencias, que no nos frenan.<br \/>\nLa Marcha va m\u00e1s alla. De un lado, todo monocolor. La quietud, las armas, la posici\u00f3n firme y fija, con mirada sedienta de muerte, de violencia. Altaneros. Y el cami\u00f3n hidrante que siempre sacan a pasear. \u00bfPor qu\u00e9 no lo mandan a los incendios, si lo tienen al pedo?<br \/>\nUnos waki-toki para buchonear. Marcaron gente, tomaron datos. Liberaron el tr\u00e1nsito. Nos detuvieron dos pibxs.<br \/>\nDe este lado, la alegr\u00eda, la m\u00fasica, los bombos, el baile y los colores, a pesar de todo. Porque nuestros gritos son de bronca y nuestros abrazos transformadores. Nosotrxs reivindicamos la vida, representando las ausencias. Desde hace 14 ediciones de Marcha de la Gorra, denunciamos que las muertes se han vuelto n\u00fameros. Porque somos les pobres, les trabajadores, mujeres, disidencias, militantes, estudiantes, presos y presas, pueblos originarios, activistas. Somos todxs \u00e9stxs y muchxs m\u00e1s.<\/p>\n<p>Frente al Panal concluimos, con un momo patrullero en llamas, al calor de la movilizaci\u00f3n, acompa\u00f1ada por gotas de clamor, ca\u00eddas del cielo y emergidas desde el barro. Tomamos el propio camino construido y tambi\u00e9n las luchas que nos anteceden; nos nutrimos de las luchas hermanas y transmutamos entre todxs, colectivamente, nuestra presencia ac\u00e1, de nuevo.<br \/>\n\u00a1Que se sepa que estamos m\u00e1s plantades que nunca, avivando las brasas de las luchas! \u00a1Que recordamos nuestra historia y a les pibes fusilades por el aparato represivo!<br \/>\nSomos fuego transformador. Somos memoria presente. Somos lucha colectiva.<\/p>\n\n<\/div>\n<\/div>\n<\/div>\n<\/div>\n<\/div>\n<\/div>\n","protected":false},"excerpt":{"rendered":"<p>Pas\u00f3 la 14. Y nos plantamos, enfrentando la pol\u00edtica represiva y defendiendo nuestros derechos. La pandemia puede cambiar muchas cosas, pero no la esencia. Porque el peor virus es, fue y ser\u00e1 la yuta. Son casi las seis, y avanza la marcha por las calles.A pesar de la pandemia, nos reunimos.La yuta se mantiene cuidando&hellip; <br \/> <a class=\"button small blue\" href=\"https:\/\/marchadelagorra.org\/2024\/el-peor-virus-es-la-yuta-cronica-14mdlg\/\">Leer m\u00e1s<\/a><\/p>\n","protected":false},"author":3,"featured_media":2737,"comment_status":"closed","ping_status":"closed","sticky":false,"template":"","format":"standard","meta":{"footnotes":""},"categories":[326,314,313],"tags":[],"class_list":["post-2285","post","type-post","status-publish","format-standard","has-post-thumbnail","hentry","category-14-mdlg","category-actualidad","category-cronicas"],"aioseo_notices":[],"_links":{"self":[{"href":"https:\/\/marchadelagorra.org\/2024\/wp-json\/wp\/v2\/posts\/2285","targetHints":{"allow":["GET"]}}],"collection":[{"href":"https:\/\/marchadelagorra.org\/2024\/wp-json\/wp\/v2\/posts"}],"about":[{"href":"https:\/\/marchadelagorra.org\/2024\/wp-json\/wp\/v2\/types\/post"}],"author":[{"embeddable":true,"href":"https:\/\/marchadelagorra.org\/2024\/wp-json\/wp\/v2\/users\/3"}],"replies":[{"embeddable":true,"href":"https:\/\/marchadelagorra.org\/2024\/wp-json\/wp\/v2\/comments?post=2285"}],"version-history":[{"count":0,"href":"https:\/\/marchadelagorra.org\/2024\/wp-json\/wp\/v2\/posts\/2285\/revisions"}],"wp:featuredmedia":[{"embeddable":true,"href":"https:\/\/marchadelagorra.org\/2024\/wp-json\/wp\/v2\/media\/2737"}],"wp:attachment":[{"href":"https:\/\/marchadelagorra.org\/2024\/wp-json\/wp\/v2\/media?parent=2285"}],"wp:term":[{"taxonomy":"category","embeddable":true,"href":"https:\/\/marchadelagorra.org\/2024\/wp-json\/wp\/v2\/categories?post=2285"},{"taxonomy":"post_tag","embeddable":true,"href":"https:\/\/marchadelagorra.org\/2024\/wp-json\/wp\/v2\/tags?post=2285"}],"curies":[{"name":"wp","href":"https:\/\/api.w.org\/{rel}","templated":true}]}}