{"id":2234,"date":"2020-11-10T21:51:53","date_gmt":"2020-11-10T21:51:53","guid":{"rendered":"https:\/\/marchadelagorra.org\/?p=2234"},"modified":"2023-11-24T03:01:28","modified_gmt":"2023-11-24T03:01:28","slug":"cronica-de-la-13-marcha-de-la-gorra","status":"publish","type":"post","link":"https:\/\/marchadelagorra.org\/2024\/cronica-de-la-13-marcha-de-la-gorra\/","title":{"rendered":"Cr\u00f3nica de la 13\u00b0 Marcha de la Gorra"},"content":{"rendered":"<div class=\"o9v6fnle cxmmr5t8 oygrvhab hcukyx3x c1et5uql ii04i59q\">\n<div dir=\"auto\">Van pasando las 17 hs y la gente va llegando al panal.<\/div>\n<\/div>\n<div class=\"o9v6fnle cxmmr5t8 oygrvhab hcukyx3x c1et5uql ii04i59q\">\n<div dir=\"auto\">Estamos por partir desde donde, durante los \u00faltimos a\u00f1os, fue nuestro punto de llegada.<\/div>\n<\/div>\n<div class=\"o9v6fnle cxmmr5t8 oygrvhab hcukyx3x c1et5uql ii04i59q\">\n<div dir=\"auto\">\u00bfSer\u00e1 que todo se est\u00e1 dando vuelta? Porque ahora el miedo cambia de bando, porque somos una multitud y estamos copando las calles, estamos juntes y organizades.<\/div>\n<\/div>\n<div class=\"o9v6fnle cxmmr5t8 oygrvhab hcukyx3x c1et5uql ii04i59q\">\n<div dir=\"auto\">Empiezan a llegar las banderas, la gente de los barrios, los bombos y los colores de las murgas. En el piso se van preparando las figuras de les asesinades por el estado represor. Aquellas im\u00e1genes que vamos a levantar bien en alto, porque ac\u00e1 est\u00e1n, presentes.<\/div>\n<\/div>\n<div class=\"o9v6fnle cxmmr5t8 oygrvhab hcukyx3x c1et5uql ii04i59q\">\n<div dir=\"auto\">Arrancamos la marcha, somos cientos, somos miles. Somos les perseguides, les verdugueades,les trans, les militantes que so\u00f1amos con otros mundos posibles. \u00abSomos les migrantes desarraigades\u00bb, porque esta marcha no entiende de fronteras, porque la lucha es contra los estados represores y asesinos y as\u00ed lo hacemos saber.<\/div>\n<\/div>\n<div class=\"o9v6fnle cxmmr5t8 oygrvhab hcukyx3x c1et5uql ii04i59q\">\n<div dir=\"auto\">\u00abNi golpe de Estado, ni golpe a las mujeres\u00bb, porque acompa\u00f1amos la lucha de nuestres hermanes de Bolivia.<\/div>\n<\/div>\n<div class=\"o9v6fnle cxmmr5t8 oygrvhab hcukyx3x c1et5uql ii04i59q\">\n<div dir=\"auto\">\u00abEl estado opresor es un macho violador\u00bb, porque nos apropiamos de los cantos de nuestras compa\u00f1eras que resisten y dan la pelea en las calles de Chile.<\/div>\n<\/div>\n<div class=\"o9v6fnle cxmmr5t8 oygrvhab hcukyx3x c1et5uql ii04i59q\">\n<div dir=\"auto\">Porque hay algo que une a todas estas realidades. Nos estamos revelando ante un sistema que s\u00f3lo provoca miseria y muerte. No nos conformamos y salimos a las calles.<\/div>\n<\/div>\n<div class=\"o9v6fnle cxmmr5t8 oygrvhab hcukyx3x c1et5uql ii04i59q\">\n<div dir=\"auto\">Seguimos avanzando&#8230;<\/div>\n<\/div>\n<div class=\"o9v6fnle cxmmr5t8 oygrvhab hcukyx3x c1et5uql ii04i59q\">\n<div dir=\"auto\">Estamos interviniendo las calles del centro a nuestro paso, estamos haci\u00e9ndonos escuchar.<\/div>\n<\/div>\n<div class=\"o9v6fnle cxmmr5t8 oygrvhab hcukyx3x c1et5uql ii04i59q\">\n<div dir=\"auto\">\u00abLa navidad de les pibes de los barrios\u00bb, se escucha gritar por el micr\u00f3fono. Las gorras se apoderaron de las calles.<\/div>\n<\/div>\n<div class=\"o9v6fnle cxmmr5t8 oygrvhab hcukyx3x c1et5uql ii04i59q\">\n<div dir=\"auto\">Nos desbordan las emociones, la alegr\u00eda del encuentro, de la resistencia, la bronca organizada, la impotencia del dolor de les familiares pidiendo justicia por les pibis, esxs pibxs que nos quitaron pero vuelven una y otra vez, presentes en la lucha. En el abrazo compa\u00f1ero.<\/div>\n<\/div>\n<div class=\"o9v6fnle cxmmr5t8 oygrvhab hcukyx3x c1et5uql ii04i59q\">\n<div dir=\"auto\">Arribamos al escenario, a un costado de los tribunales custodiados por una plaga de ratis. En el medio, unas vallas. Esas vallas, que cuidan a esos ratis, portando armas con miedo. Del otro lado: nosotrxs, nuestras \u00fanicas armas son nuestras cuerpas, nuestras voces: \u00abVayan a laburar\u00bb, \u00abNo los necesitamos\u00bb, \u00abNo protegen a nadie\u00bb, \u00abNo los queremos ac\u00e1\u00bb, se nos escucha arriba del escenario.<\/div>\n<\/div>\n<div class=\"o9v6fnle cxmmr5t8 oygrvhab hcukyx3x c1et5uql ii04i59q\">\n<div dir=\"auto\">As\u00ed como los nombres de todes les pibes que se escuchaban una, y otra, y otra, y otra, y otra vez durante la marcha, para as\u00ed recordarles una y mil veces. Para as\u00ed, las propias Madres, arriba del escenario, con micr\u00f3fono en mano, frente a una multitud juvenil, encarar a todos esos estados que les quitaron a sus hijes, a nuestres pibis. Nos quitaron tanto, que nos quitaron hasta el miedo.<\/div>\n<\/div>\n<div class=\"o9v6fnle cxmmr5t8 oygrvhab hcukyx3x c1et5uql ii04i59q\">\n<div dir=\"auto\">Y ahora el estado no da miedo. Tu estado no da miedo. Ahora salgo. En mi barrio no me encierro!<\/div>\n<\/div>\n<p>&nbsp;<\/p>\n","protected":false},"excerpt":{"rendered":"<p>Van pasando las 17 hs y la gente va llegando al panal. Estamos por partir desde donde, durante los \u00faltimos a\u00f1os, fue nuestro punto de llegada. \u00bfSer\u00e1 que todo se est\u00e1 dando vuelta? Porque ahora el miedo cambia de bando, porque somos una multitud y estamos copando las calles, estamos juntes y organizades. Empiezan a&hellip; <br \/> <a class=\"button small blue\" href=\"https:\/\/marchadelagorra.org\/2024\/cronica-de-la-13-marcha-de-la-gorra\/\">Leer m\u00e1s<\/a><\/p>\n","protected":false},"author":5,"featured_media":2235,"comment_status":"closed","ping_status":"closed","sticky":false,"template":"","format":"standard","meta":{"footnotes":""},"categories":[325],"tags":[],"class_list":["post-2234","post","type-post","status-publish","format-standard","has-post-thumbnail","hentry","category-13-mdlg"],"aioseo_notices":[],"_links":{"self":[{"href":"https:\/\/marchadelagorra.org\/2024\/wp-json\/wp\/v2\/posts\/2234","targetHints":{"allow":["GET"]}}],"collection":[{"href":"https:\/\/marchadelagorra.org\/2024\/wp-json\/wp\/v2\/posts"}],"about":[{"href":"https:\/\/marchadelagorra.org\/2024\/wp-json\/wp\/v2\/types\/post"}],"author":[{"embeddable":true,"href":"https:\/\/marchadelagorra.org\/2024\/wp-json\/wp\/v2\/users\/5"}],"replies":[{"embeddable":true,"href":"https:\/\/marchadelagorra.org\/2024\/wp-json\/wp\/v2\/comments?post=2234"}],"version-history":[{"count":0,"href":"https:\/\/marchadelagorra.org\/2024\/wp-json\/wp\/v2\/posts\/2234\/revisions"}],"wp:featuredmedia":[{"embeddable":true,"href":"https:\/\/marchadelagorra.org\/2024\/wp-json\/"}],"wp:attachment":[{"href":"https:\/\/marchadelagorra.org\/2024\/wp-json\/wp\/v2\/media?parent=2234"}],"wp:term":[{"taxonomy":"category","embeddable":true,"href":"https:\/\/marchadelagorra.org\/2024\/wp-json\/wp\/v2\/categories?post=2234"},{"taxonomy":"post_tag","embeddable":true,"href":"https:\/\/marchadelagorra.org\/2024\/wp-json\/wp\/v2\/tags?post=2234"}],"curies":[{"name":"wp","href":"https:\/\/api.w.org\/{rel}","templated":true}]}}