{"id":2211,"date":"2018-11-22T15:52:29","date_gmt":"2018-11-22T15:52:29","guid":{"rendered":"https:\/\/marchadelagorra.org\/?p=2211"},"modified":"2023-11-24T03:01:49","modified_gmt":"2023-11-24T03:01:49","slug":"quienes-somos-12","status":"publish","type":"post","link":"https:\/\/marchadelagorra.org\/2024\/quienes-somos-12\/","title":{"rendered":"Qui\u00e9nes Somos #12"},"content":{"rendered":"<p>Los \u00abQuienes Somos\u00bb son la forma que encontramos, a\u00f1o tras a\u00f1o, de visibilizar qui\u00e9nes se encuentran detr\u00e1s, o mejor dicho, adelante, de este proceso de lucha y organizaci\u00f3n que es Marcha de la Gorra. En esta decimosegunda edici\u00f3n, decimos:<\/p>\n<p>\u00abHoy volvemos a las calles para seguir enfrentando a la pol\u00edtica represiva y defender nuestros derechos. Que sepan que estamos ac\u00e1, m\u00e1s plantades que nunca, que estamos avivando las brasas de las luchas, que recordamos nuestra historia y la llevamos en la sangre, recordamos a les pibes fusilades por el aparato represor, y nos recordamos a nosotres, que jam\u00e1s nos olvidaremos, porque lo que empez\u00f3 como una vuelta a la plaza San Mart\u00edn de varies pibes de barrio, es hoy un movimiento nacional\u00bb.<\/p>\n<p>Ac\u00e1 estamos nosotres, les de al lado.<br \/>\n\u00abTerrorista es el Estado, No quien ten\u00e9s al lado\u00bb<\/p>\n<p>Se vino la 12\u00ba Marcha de la Gorra<br \/>\nNos vemos ma\u00f1ana en la calle y el miedo que arda!<\/p>\n<p>\/\/23\/11 &#8211; 17 hr &#8211; Col\u00f3n y Gral. Paz\/\/<\/p>\n<p><a href=\"https:\/\/www.youtube.com\/watch?v=jrDq5Tk3khs\">QuienesSomos12<\/a><\/p>\n<p><iframe title=\"QuienesSomos12\" width=\"1778\" height=\"1000\" src=\"https:\/\/www.youtube.com\/embed\/jrDq5Tk3khs?feature=oembed\" frameborder=\"0\" allow=\"accelerometer; autoplay; clipboard-write; encrypted-media; gyroscope; picture-in-picture; web-share\" referrerpolicy=\"strict-origin-when-cross-origin\" allowfullscreen><\/iframe><\/p>\n","protected":false},"excerpt":{"rendered":"<p>Los \u00abQuienes Somos\u00bb son la forma que encontramos, a\u00f1o tras a\u00f1o, de visibilizar qui\u00e9nes se encuentran detr\u00e1s, o mejor dicho, adelante, de este proceso de lucha y organizaci\u00f3n que es Marcha de la Gorra. En esta decimosegunda edici\u00f3n, decimos: \u00abHoy volvemos a las calles para seguir enfrentando a la pol\u00edtica represiva y defender nuestros derechos.&hellip; <br \/> <a class=\"button small blue\" href=\"https:\/\/marchadelagorra.org\/2024\/quienes-somos-12\/\">Leer m\u00e1s<\/a><\/p>\n","protected":false},"author":3,"featured_media":2709,"comment_status":"closed","ping_status":"closed","sticky":false,"template":"","format":"standard","meta":{"footnotes":""},"categories":[324],"tags":[],"class_list":["post-2211","post","type-post","status-publish","format-standard","has-post-thumbnail","hentry","category-12-mdlg"],"aioseo_notices":[],"_links":{"self":[{"href":"https:\/\/marchadelagorra.org\/2024\/wp-json\/wp\/v2\/posts\/2211","targetHints":{"allow":["GET"]}}],"collection":[{"href":"https:\/\/marchadelagorra.org\/2024\/wp-json\/wp\/v2\/posts"}],"about":[{"href":"https:\/\/marchadelagorra.org\/2024\/wp-json\/wp\/v2\/types\/post"}],"author":[{"embeddable":true,"href":"https:\/\/marchadelagorra.org\/2024\/wp-json\/wp\/v2\/users\/3"}],"replies":[{"embeddable":true,"href":"https:\/\/marchadelagorra.org\/2024\/wp-json\/wp\/v2\/comments?post=2211"}],"version-history":[{"count":0,"href":"https:\/\/marchadelagorra.org\/2024\/wp-json\/wp\/v2\/posts\/2211\/revisions"}],"wp:featuredmedia":[{"embeddable":true,"href":"https:\/\/marchadelagorra.org\/2024\/wp-json\/wp\/v2\/media\/2709"}],"wp:attachment":[{"href":"https:\/\/marchadelagorra.org\/2024\/wp-json\/wp\/v2\/media?parent=2211"}],"wp:term":[{"taxonomy":"category","embeddable":true,"href":"https:\/\/marchadelagorra.org\/2024\/wp-json\/wp\/v2\/categories?post=2211"},{"taxonomy":"post_tag","embeddable":true,"href":"https:\/\/marchadelagorra.org\/2024\/wp-json\/wp\/v2\/tags?post=2211"}],"curies":[{"name":"wp","href":"https:\/\/api.w.org\/{rel}","templated":true}]}}