{"id":2203,"date":"2018-11-21T14:02:12","date_gmt":"2018-11-21T14:02:12","guid":{"rendered":"https:\/\/marchadelagorra.org\/?p=2203"},"modified":"2018-11-21T14:02:12","modified_gmt":"2018-11-21T14:02:12","slug":"documento-12-marcha-de-la-gorra","status":"publish","type":"post","link":"https:\/\/marchadelagorra.org\/2024\/documento-12-marcha-de-la-gorra\/","title":{"rendered":"Documento 12\u00b0 Marcha de la Gorra"},"content":{"rendered":"<p style=\"text-align: center;\"><a href=\"https:\/\/marchadelagorra.org\/wp-content\/uploads\/2018\/11\/Documento-12-MDLG.pdf\" rel=\"\">Documento 12 MDLG<\/a><\/p>\n<p style=\"text-align: center;\"><strong>\u201cTerrorista es el Estado, no quien ten\u00e9s al lado\u201d<\/strong><\/p>\n<p><strong>\u00a0<\/strong>Hace 12 a\u00f1os tuvimos que inventar un d\u00eda para poder vivir nuestras vidas y habitar las calles. Un d\u00eda para que nuestros gustos, m\u00fasica, cultura e identidad ocupen el centro. En un primer momento, nos organizamos en defensa de nuestros derechos y contra las detenciones arbitrarias del nefasto C\u00f3digo de Faltas, en el camino sumamos a nuestras denuncias los horrores cometidos por las fuerzas represivas, las golpizas y asesinatos en c\u00e1rceles, comisar\u00edas, patrulleros y barrios; los fusilamientos y las desapariciones forzadas; la criminalizaci\u00f3n de la pobreza y la persecuci\u00f3n a nuestras organizaciones; y las razzias en nuestros barrios, apoyadas por gendarmer\u00eda, polic\u00eda federal, polic\u00eda de seguridad aeroportuaria, polic\u00eda barrial y diversas fuerzas de elite de la polic\u00eda de C\u00f3rdoba.<\/p>\n<p>Hoy volvemos a las calles para seguir enfrentando a la pol\u00edtica represiva y defender nuestros derechos. Que sepan que estamos ac\u00e1, m\u00e1s plantades que nunca, que estamos avivando las brasas de las luchas, que recordamos nuestra historia y la llevamos en la sangre, recordamos a les pibes fusilades por el aparato represor, y nos recordamos a nosotres, que jam\u00e1s nos olvidaremos, porque lo que empez\u00f3 como una vuelta a la plaza San Mart\u00edn de varies pibes de barrio, es hoy un movimiento nacional.<\/p>\n","protected":false},"excerpt":{"rendered":"<p>Documento 12 MDLG \u201cTerrorista es el Estado, no quien ten\u00e9s al lado\u201d \u00a0Hace 12 a\u00f1os tuvimos que inventar un d\u00eda para poder vivir nuestras vidas y habitar las calles. Un d\u00eda para que nuestros gustos, m\u00fasica, cultura e identidad ocupen el centro. En un primer momento, nos organizamos en defensa de nuestros derechos y contra&hellip; <br \/> <a class=\"button small blue\" href=\"https:\/\/marchadelagorra.org\/2024\/documento-12-marcha-de-la-gorra\/\">Leer m\u00e1s<\/a><\/p>\n","protected":false},"author":3,"featured_media":2181,"comment_status":"closed","ping_status":"closed","sticky":false,"template":"","format":"standard","meta":{"footnotes":""},"categories":[324],"tags":[],"class_list":["post-2203","post","type-post","status-publish","format-standard","has-post-thumbnail","hentry","category-12-mdlg"],"aioseo_notices":[],"_links":{"self":[{"href":"https:\/\/marchadelagorra.org\/2024\/wp-json\/wp\/v2\/posts\/2203","targetHints":{"allow":["GET"]}}],"collection":[{"href":"https:\/\/marchadelagorra.org\/2024\/wp-json\/wp\/v2\/posts"}],"about":[{"href":"https:\/\/marchadelagorra.org\/2024\/wp-json\/wp\/v2\/types\/post"}],"author":[{"embeddable":true,"href":"https:\/\/marchadelagorra.org\/2024\/wp-json\/wp\/v2\/users\/3"}],"replies":[{"embeddable":true,"href":"https:\/\/marchadelagorra.org\/2024\/wp-json\/wp\/v2\/comments?post=2203"}],"version-history":[{"count":0,"href":"https:\/\/marchadelagorra.org\/2024\/wp-json\/wp\/v2\/posts\/2203\/revisions"}],"wp:featuredmedia":[{"embeddable":true,"href":"https:\/\/marchadelagorra.org\/2024\/wp-json\/"}],"wp:attachment":[{"href":"https:\/\/marchadelagorra.org\/2024\/wp-json\/wp\/v2\/media?parent=2203"}],"wp:term":[{"taxonomy":"category","embeddable":true,"href":"https:\/\/marchadelagorra.org\/2024\/wp-json\/wp\/v2\/categories?post=2203"},{"taxonomy":"post_tag","embeddable":true,"href":"https:\/\/marchadelagorra.org\/2024\/wp-json\/wp\/v2\/tags?post=2203"}],"curies":[{"name":"wp","href":"https:\/\/api.w.org\/{rel}","templated":true}]}}