{"id":2160,"date":"2018-11-13T21:37:38","date_gmt":"2018-11-13T21:37:38","guid":{"rendered":"https:\/\/marchadelagorra.org\/?p=2160"},"modified":"2018-11-13T21:37:38","modified_gmt":"2018-11-13T21:37:38","slug":"alto-embrollo-3","status":"publish","type":"post","link":"https:\/\/marchadelagorra.org\/2024\/alto-embrollo-3\/","title":{"rendered":"Alto Embrollo!"},"content":{"rendered":"<p>En el marco de las actividades previas a la Marcha de la Gorra, que se llevar\u00e1 a cabo el viernes 23 de noviembre a las 17 desde Col\u00f3n y Gral. Paz, comienzan a desarrollarse los Alto embrollo: jornadas de expresiones culturales juveniles.<\/p>\n<p>La consigna de este a\u00f1o para la marcha es contundente y es el reflejo de las pol\u00edticas de ajuste y represi\u00f3n que se vienen llevando a cabo y acentuando: \u201cTerrorista es el Estado, no quien ten\u00e9s al lado\u201d. En este panorama, m\u00e1s que nuca se vuelve importante y necesario que el barrio se asome a las calles, que la cultura popular pueda expresarse en actividades caracterizadas por la construcci\u00f3n colectiva y en pie de lucha contra el ajuste, la persecuci\u00f3n y los estigmas. Eso son los Alto embrollo, espacios de socializaci\u00f3n de la(s) cultura(s) popular(es), en el marco de la lucha y la resistencia.<br \/>\nLa invitaci\u00f3n es para los d\u00edas:<\/p>\n<p>*<strong>14\/11 desde las 17hs, en Plaza de la Intendencia<\/strong>\u00a0\/\/ Radio abierta, m\u00fasica, lleva tu remera para serigrafiarla! Intervenciones en vivo! feria autogestiva!<br \/>\n*<strong>15\/11, desde las 17hs, en Plaza Seca de Econom\u00eda (UNC),<\/strong>\u00a0AE, convoca Asamblea Interfacultades, micr\u00f3fono abierto para rapear, se pintar\u00e1 la barredora de la 12\u00b0 marcha de la gorra!<br \/>\n<strong>*17\/11:, AE en la Asamblea La Poderosa B\u00b0 Yapeyu<\/strong>\u00a0, convoca La Poderosa! Desde las 18.30hs, proyectamos la peli Ni un pibe menos<br \/>\n<strong>*18\/11: AE , convoca EO, en Plaza Italia<\/strong>\u00a0(27 de abril y Ca\u00f1ada, desde las 5pm), Serigraf\u00eda \u00a1tra\u00e9 tu remera! \/ Juegos \/ M\u00fasica: Rap Z\u00a0<a href=\"https:\/\/bot_command\/?command=Agus\">\/Agus<\/a>\u00a0MLC y Josu\u00e9<br \/>\n<strong>*21\/11: AE en Bella Vista<\/strong>, convoca Fundaci\u00f3n Pedro Milesi y Biblioteca Popular de Bella Vista, es en Plaza Uruguay (Mayor y Alejandro Dumas), a las 5pm (Orquesta El Chingolo, Bella Vista Buena Onda ensamble, grupo de j\u00f3venes, Taller Ambulante de serigraf\u00eda, Sm Free \u2013 Rap de Barrio Ituzaingo, Repiqueteando las calles).<\/p>\n<p><img fetchpriority=\"high\" decoding=\"async\" class=\"aligncenter wp-image-2161\" src=\"https:\/\/marchadelagorra.org\/wp-content\/uploads\/2018\/11\/ae.jpg\" alt=\"ae\" width=\"800\" height=\"620\" \/><\/p>\n<p>&nbsp;<\/p>\n<p><img decoding=\"async\" class=\"aligncenter wp-image-2162\" src=\"https:\/\/marchadelagorra.org\/wp-content\/uploads\/2018\/11\/mapitaAE.jpg\" alt=\"mapitaAE\" width=\"798\" height=\"532\" \/><\/p>\n<p><img decoding=\"async\" class=\"aligncenter size-full wp-image-2166\" src=\"https:\/\/marchadelagorra.org\/wp-content\/uploads\/2018\/11\/AE-interfac.jpg\" alt=\"AE interfac\" width=\"2576\" height=\"2000\" \/> <img loading=\"lazy\" decoding=\"async\" class=\"aligncenter size-full wp-image-2167\" src=\"https:\/\/marchadelagorra.org\/wp-content\/uploads\/2018\/11\/AEyape.jpg\" alt=\"AEyape\" width=\"2576\" height=\"1800\" \/> <img loading=\"lazy\" decoding=\"async\" class=\"aligncenter size-full wp-image-2168\" src=\"https:\/\/marchadelagorra.org\/wp-content\/uploads\/2018\/11\/photo5143489290381141986.jpg\" alt=\"photo5143489290381141986\" width=\"1280\" height=\"853\" \/> <img loading=\"lazy\" decoding=\"async\" class=\"aligncenter size-full wp-image-2169\" src=\"https:\/\/marchadelagorra.org\/wp-content\/uploads\/2018\/11\/photo5143623228936267775.jpg\" alt=\"photo5143623228936267775\" width=\"1280\" height=\"884\" \/><\/p>\n<p>&nbsp;<\/p>\n<p>&nbsp;<\/p>\n","protected":false},"excerpt":{"rendered":"<p>En el marco de las actividades previas a la Marcha de la Gorra, que se llevar\u00e1 a cabo el viernes 23 de noviembre a las 17 desde Col\u00f3n y Gral. Paz, comienzan a desarrollarse los Alto embrollo: jornadas de expresiones culturales juveniles. La consigna de este a\u00f1o para la marcha es contundente y es el&hellip; <br \/> <a class=\"button small blue\" href=\"https:\/\/marchadelagorra.org\/2024\/alto-embrollo-3\/\">Leer m\u00e1s<\/a><\/p>\n","protected":false},"author":3,"featured_media":2162,"comment_status":"closed","ping_status":"closed","sticky":false,"template":"","format":"standard","meta":{"footnotes":""},"categories":[324],"tags":[],"class_list":["post-2160","post","type-post","status-publish","format-standard","has-post-thumbnail","hentry","category-12-mdlg"],"aioseo_notices":[],"_links":{"self":[{"href":"https:\/\/marchadelagorra.org\/2024\/wp-json\/wp\/v2\/posts\/2160","targetHints":{"allow":["GET"]}}],"collection":[{"href":"https:\/\/marchadelagorra.org\/2024\/wp-json\/wp\/v2\/posts"}],"about":[{"href":"https:\/\/marchadelagorra.org\/2024\/wp-json\/wp\/v2\/types\/post"}],"author":[{"embeddable":true,"href":"https:\/\/marchadelagorra.org\/2024\/wp-json\/wp\/v2\/users\/3"}],"replies":[{"embeddable":true,"href":"https:\/\/marchadelagorra.org\/2024\/wp-json\/wp\/v2\/comments?post=2160"}],"version-history":[{"count":0,"href":"https:\/\/marchadelagorra.org\/2024\/wp-json\/wp\/v2\/posts\/2160\/revisions"}],"wp:featuredmedia":[{"embeddable":true,"href":"https:\/\/marchadelagorra.org\/2024\/wp-json\/"}],"wp:attachment":[{"href":"https:\/\/marchadelagorra.org\/2024\/wp-json\/wp\/v2\/media?parent=2160"}],"wp:term":[{"taxonomy":"category","embeddable":true,"href":"https:\/\/marchadelagorra.org\/2024\/wp-json\/wp\/v2\/categories?post=2160"},{"taxonomy":"post_tag","embeddable":true,"href":"https:\/\/marchadelagorra.org\/2024\/wp-json\/wp\/v2\/tags?post=2160"}],"curies":[{"name":"wp","href":"https:\/\/api.w.org\/{rel}","templated":true}]}}