{"id":2029,"date":"2017-11-14T13:56:56","date_gmt":"2017-11-14T13:56:56","guid":{"rendered":"https:\/\/marchadelagorra.org\/?p=2029"},"modified":"2017-11-14T13:56:56","modified_gmt":"2017-11-14T13:56:56","slug":"3-mdlg-en-mar-del-plata-organizacion-popular-frente-a-la-violencia-institucional","status":"publish","type":"post","link":"https:\/\/marchadelagorra.org\/2024\/3-mdlg-en-mar-del-plata-organizacion-popular-frente-a-la-violencia-institucional\/","title":{"rendered":"3\u00b0 MDLG en Mar del Plata: Organizaci\u00f3n popular frente a la violencia institucional"},"content":{"rendered":"<div style=\"width: 480px;\" class=\"wp-video\"><video class=\"wp-video-shortcode\" id=\"video-2029-1\" width=\"480\" height=\"480\" preload=\"metadata\" controls=\"controls\"><source type=\"video\/mp4\" src=\"https:\/\/marchadelagorra.org\/wp-content\/uploads\/2017\/11\/mdp3video.mp4?_=1\" \/><a href=\"https:\/\/marchadelagorra.org\/wp-content\/uploads\/2017\/11\/mdp3video.mp4\">https:\/\/marchadelagorra.org\/wp-content\/uploads\/2017\/11\/mdp3video.mp4<\/a><\/video><\/div>\n<p><strong><em>Con motivo de un nuevo aniversario de la Convenci\u00f3n sobre los Derechos del Ni\u00f1o, el lunes 20 de noviembre se realizar\u00e1 la 3era Marcha de la Gorra en nuestra ciudad bajo la consigna \u201cOrganizaci\u00f3n popular frente a la violencia institucional\u201d. Con un festival y movilizaci\u00f3n desde las organizaciones convocantes buscan visibilizar las diversas violencias y vulneraciones de derechos que sufren los ni\u00f1os, ni\u00f1as y adolescentes.<\/em> <\/strong><\/p>\n<p>Desde la Comisi\u00f3n Organizadora de la Marcha de la Gorra destacaron que \u201cLa violencia policial e institucional ha recrudecido en el \u00faltimo tiempo. Este fortalecimiento de la cara represiva del Estado, se ve agudizado por la ausencia cada vez mayor del Estado en la promoci\u00f3n y protecci\u00f3n de los derechos de ni\u00f1os, ni\u00f1as y adolescentes\u201d.<\/p>\n<p>\u201cJusticia por Santiago\u201d y \u201cNo a la Baja\u201d ser\u00e1n dos de las varias consignas de la marcha, y con relaci\u00f3n a la \u00faltima expresaron: \u201cEl proyecto de reforma del r\u00e9gimen penal juvenil, que incluye la baja en la edad de imputabilidad, viene a profundizar a\u00fan m\u00e1s la estigmatizaci\u00f3n de la ni\u00f1ez de los sectores populares. En un escenario general de achicamiento del Estado, de recorte a programas para ni\u00f1os, ni\u00f1as y j\u00f3venes, de desd\u00e9n por la educaci\u00f3n p\u00fablica y de falta de pol\u00edticas de trabajo genuino para j\u00f3venes, la propuesta del Estado no puede ser seguir acentuando su cara represiva y buscar penalizar a los pibes cada vez m\u00e1s chicos en vez de ocuparse por su protecci\u00f3n y promoci\u00f3n\u201d.<\/p>\n<p>Por \u00faltimo, se refirieron al rol del Estado: \u201cEl lugar del Estado debe ser el aseguramiento y fortalecimiento de aquellos derechos que, por mandato Constitucional, nos amparan a todos los ciudadanos y ciudadanas, y especialmente a los ni\u00f1os, ni\u00f1as y adolescentes. No compartimos la pol\u00edtica de desciudadanizaci\u00f3n impulsada por Cambiemos que pretende reemplazar la condici\u00f3n de ciudadanos por la de personas individuales que debemos triunfar en el marco de la competencia. Repudiamos todo tipo de criminalizaci\u00f3n y represi\u00f3n hacia la protesta, la militancia organizada y la juventud, porque son partes fundamentales en la construcci\u00f3n de una sociedad respetuosa y promotora del acceso a derechos, para la resistencia a las pol\u00edticas neoliberales\u201d.<\/p>\n<p>La<strong> 3era Marcha de la Gorra<\/strong> tendr\u00e1 lugar el lunes 20 de noviembre en Avenida Luro y Mitre desde las 15.30 con un festival de murgas, bandas y la movilizaci\u00f3n, culminando as\u00ed las actividades que se realizaron en distintos espacios de la ciudad durante el mes de noviembre. Para m\u00e1s informaci\u00f3n pueden acceder a la p\u00e1gina en Facebook \u201cMarcha de la Gorra Mar del Plata\u201d o a www.marchadelagorramdp.radiodelaazotea.com.ar.<\/p>\n<p>Algunas de las organizaciones que forman parte de esta iniciativa son: <em>JP Evita, Seamos Libres, Juventud Rebelde, Centro Cultural Am\u00e9rica Libre, Patria Grande, Unidad Popular, Libres del Sur,\u00a0 Aluvi\u00f3n \u2013 La C\u00e1mpora, Nuevo Encuentro, MP La Dignidad, Asociaci\u00f3n\u00a0 Mundo\u00a0 Igualitario\u00a0 AMI, Consejo Local de Ni\u00f1ez, Campa\u00f1a Nacional Contra la Violencia Institucional, Centros de estudiantes de la Piloto, Amuyen y Escuela N\u00ba 41, Estudiantes Secundarios Organizados ESO, Agrupaci\u00f3n estudiantil El Hornero, Agrupaci\u00f3n estudiantil La Mella, Radio de la Azotea, AMADI (Asoc. Marplatense por los Derechos a la Igualdad), Movimiento Universitario Sur, Centro de estudiantes de Cs. De la Salud y Trabajo Social, Barrios de Pie y J\u00f3venes de Pie, Movimiento de Trabajadores Excluidos, CP Descamisados &#8211; Colectivo Mirabal, entre otras.<\/em><\/p>\n","protected":false},"excerpt":{"rendered":"<p>Con motivo de un nuevo aniversario de la Convenci\u00f3n sobre los Derechos del Ni\u00f1o, el lunes 20 de noviembre se realizar\u00e1 la 3era Marcha de la Gorra en nuestra ciudad bajo la consigna \u201cOrganizaci\u00f3n popular frente a la violencia institucional\u201d. Con un festival y movilizaci\u00f3n desde las organizaciones convocantes buscan visibilizar las diversas violencias y&hellip; <br \/> <a class=\"button small blue\" href=\"https:\/\/marchadelagorra.org\/2024\/3-mdlg-en-mar-del-plata-organizacion-popular-frente-a-la-violencia-institucional\/\">Leer m\u00e1s<\/a><\/p>\n","protected":false},"author":3,"featured_media":2089,"comment_status":"closed","ping_status":"closed","sticky":false,"template":"","format":"standard","meta":{"footnotes":""},"categories":[323,322],"tags":[],"class_list":["post-2029","post","type-post","status-publish","format-standard","has-post-thumbnail","hentry","category-aca-se-marcha","category-11-mdlg"],"aioseo_notices":[],"_links":{"self":[{"href":"https:\/\/marchadelagorra.org\/2024\/wp-json\/wp\/v2\/posts\/2029","targetHints":{"allow":["GET"]}}],"collection":[{"href":"https:\/\/marchadelagorra.org\/2024\/wp-json\/wp\/v2\/posts"}],"about":[{"href":"https:\/\/marchadelagorra.org\/2024\/wp-json\/wp\/v2\/types\/post"}],"author":[{"embeddable":true,"href":"https:\/\/marchadelagorra.org\/2024\/wp-json\/wp\/v2\/users\/3"}],"replies":[{"embeddable":true,"href":"https:\/\/marchadelagorra.org\/2024\/wp-json\/wp\/v2\/comments?post=2029"}],"version-history":[{"count":0,"href":"https:\/\/marchadelagorra.org\/2024\/wp-json\/wp\/v2\/posts\/2029\/revisions"}],"wp:featuredmedia":[{"embeddable":true,"href":"https:\/\/marchadelagorra.org\/2024\/wp-json\/"}],"wp:attachment":[{"href":"https:\/\/marchadelagorra.org\/2024\/wp-json\/wp\/v2\/media?parent=2029"}],"wp:term":[{"taxonomy":"category","embeddable":true,"href":"https:\/\/marchadelagorra.org\/2024\/wp-json\/wp\/v2\/categories?post=2029"},{"taxonomy":"post_tag","embeddable":true,"href":"https:\/\/marchadelagorra.org\/2024\/wp-json\/wp\/v2\/tags?post=2029"}],"curies":[{"name":"wp","href":"https:\/\/api.w.org\/{rel}","templated":true}]}}