{"id":2025,"date":"2017-11-14T13:51:45","date_gmt":"2017-11-14T13:51:45","guid":{"rendered":"https:\/\/marchadelagorra.org\/?p=2025"},"modified":"2017-11-14T13:51:45","modified_gmt":"2017-11-14T13:51:45","slug":"5-mdlg-en-sierras-chicas-por-una-seguridad-con-derechos","status":"publish","type":"post","link":"https:\/\/marchadelagorra.org\/2024\/5-mdlg-en-sierras-chicas-por-una-seguridad-con-derechos\/","title":{"rendered":"5\u00b0 MDLG en Sierras Chicas: por una seguridad con derechos"},"content":{"rendered":"<p><img fetchpriority=\"high\" decoding=\"async\" class=\" wp-image-2027 alignleft\" src=\"https:\/\/marchadelagorra.org\/wp-content\/uploads\/2017\/11\/sierraschicas2.png\" alt=\"sierraschicas2\" width=\"339\" height=\"339\" \/>La <strong>Coordinadora de Sierras Chicas por una seguridad con derecho<\/strong>s surge en el a\u00f1o 2014 a partir de una serie de allanamientos ilegales realizados en la ciudad de Villa Allende, en donde se reprimi\u00f3 y se mantuvo encapuchados sin explicaci\u00f3n alguna durante varias horas a aproximadamente 14 personas.<\/p>\n<p>Las organizaciones que formamos parte venimos trabajando en conjunto desde hace muchos a\u00f1os por nuestras ciudades desde diferentes \u00e1mbitos; la salud, la cultura, la comunicaci\u00f3n, la pol\u00edtica y el medio ambiente.<\/p>\n<p>Actualmente el aumento desproporcionado de Countries, Housing, y la priorizaci\u00f3n pol\u00edticas p\u00fablicas para los sectores m\u00e1s ricos (como en el caso del gas natural en Mendiolaza o de la presencia policial excesiva en los barrios ricos y la liberaci\u00f3n de los barrios m\u00e1s humildes en V Allende), son motivos de una fuerte polarizaci\u00f3n de nuestras ciudades producto del aumento de la desigualdad.<\/p>\n<p>Entendemos que la seguridad que tenemos es una que detiene sistem\u00e1ticamente a j\u00f3venes humildes por portaci\u00f3n de rostro, situaci\u00f3n que se agrava en las ciudades chicas por el \u00abficheo\u00bb mientras abandona los barrios humildes cuando debe protegerlos. Es una seguridad que cuenta con impunidad para acosar y amenazar a mujeres y j\u00f3venes en la v\u00eda p\u00fablica mientras protege situaciones de narcotr\u00e1fico y delincuentes de guante blanco.<\/p>\n<p>Una seguridad que avala y permites situaciones de acoso y abuso de poder por parte de los efectivos policiales, como el que dia a dia sufren muchas mujeres y en particular las compa\u00f1eras trans. Uno de los tantos casos que podemos mencionar es el de Laura Moyano, vecina de nuestra zona, cuyos familiares y amigos siguen marchando y pidiendo a la justicia que avance en la investigaci\u00f3n y se encuentren a los responsables de su muerte.<\/p>\n<p>Creemos y proponemos que la seguridad democr\u00e1tica tiene que ser aquella que nos cuida respetando nuestros derechos, los de todxs los ciudadanos y no solo de los sectores\u00a0 enriquecidos.<\/p>\n<p>Queremos construir una seguridad para muchxs, basada en la transparencia m\u00e1s que en la corrupci\u00f3n y m\u00e1s en re-conocernos como ciudadanos de un mismo lugar que en la represi\u00f3n y la violencia.<br \/>\nPor todo esto, les invitamos a formar parte de la organizaci\u00f3n de la <strong>5ta Marcha de la Gorra de Sierras Chicas \u201cPor una seguridad con derechos\u201d<\/strong> Los d\u00edas s\u00e1bado 11\/11 y 18\/11 a las 17 horas nos juntaremos en el polideportivo de Villa Allende (zona de los artesanos).<\/p>\n<p><strong>Marchamos el s\u00e1bado 25\/11 a las 17hs<\/strong>, marchamos <strong>desde la rotonda de la YPF hasta el polideportivo<\/strong>, lugar donde se desarrollar\u00e1 un festival con m\u00fasicos invitados e intervenciones art\u00edsticas..<\/p>\n<p>Coordinadora por una Seguridad con Derechos<\/p>\n","protected":false},"excerpt":{"rendered":"<p>La Coordinadora de Sierras Chicas por una seguridad con derechos surge en el a\u00f1o 2014 a partir de una serie de allanamientos ilegales realizados en la ciudad de Villa Allende, en donde se reprimi\u00f3 y se mantuvo encapuchados sin explicaci\u00f3n alguna durante varias horas a aproximadamente 14 personas. Las organizaciones que formamos parte venimos trabajando&hellip; <br \/> <a class=\"button small blue\" href=\"https:\/\/marchadelagorra.org\/2024\/5-mdlg-en-sierras-chicas-por-una-seguridad-con-derechos\/\">Leer m\u00e1s<\/a><\/p>\n","protected":false},"author":3,"featured_media":2093,"comment_status":"closed","ping_status":"closed","sticky":false,"template":"","format":"standard","meta":{"footnotes":""},"categories":[323,322],"tags":[],"class_list":["post-2025","post","type-post","status-publish","format-standard","has-post-thumbnail","hentry","category-aca-se-marcha","category-11-mdlg"],"aioseo_notices":[],"_links":{"self":[{"href":"https:\/\/marchadelagorra.org\/2024\/wp-json\/wp\/v2\/posts\/2025","targetHints":{"allow":["GET"]}}],"collection":[{"href":"https:\/\/marchadelagorra.org\/2024\/wp-json\/wp\/v2\/posts"}],"about":[{"href":"https:\/\/marchadelagorra.org\/2024\/wp-json\/wp\/v2\/types\/post"}],"author":[{"embeddable":true,"href":"https:\/\/marchadelagorra.org\/2024\/wp-json\/wp\/v2\/users\/3"}],"replies":[{"embeddable":true,"href":"https:\/\/marchadelagorra.org\/2024\/wp-json\/wp\/v2\/comments?post=2025"}],"version-history":[{"count":0,"href":"https:\/\/marchadelagorra.org\/2024\/wp-json\/wp\/v2\/posts\/2025\/revisions"}],"wp:featuredmedia":[{"embeddable":true,"href":"https:\/\/marchadelagorra.org\/2024\/wp-json\/"}],"wp:attachment":[{"href":"https:\/\/marchadelagorra.org\/2024\/wp-json\/wp\/v2\/media?parent=2025"}],"wp:term":[{"taxonomy":"category","embeddable":true,"href":"https:\/\/marchadelagorra.org\/2024\/wp-json\/wp\/v2\/categories?post=2025"},{"taxonomy":"post_tag","embeddable":true,"href":"https:\/\/marchadelagorra.org\/2024\/wp-json\/wp\/v2\/tags?post=2025"}],"curies":[{"name":"wp","href":"https:\/\/api.w.org\/{rel}","templated":true}]}}