{"id":2008,"date":"2017-11-06T15:03:28","date_gmt":"2017-11-06T15:03:28","guid":{"rendered":"https:\/\/marchadelagorra.org\/?p=2008"},"modified":"2017-11-06T15:03:28","modified_gmt":"2017-11-06T15:03:28","slug":"comunicado-oficial-mdlg-cordoba","status":"publish","type":"post","link":"https:\/\/marchadelagorra.org\/2024\/comunicado-oficial-mdlg-cordoba\/","title":{"rendered":"Comunicado Oficial MDLG C\u00f3rdoba"},"content":{"rendered":"<p>Desde la <strong>Mesa Organizativa de la Marcha de la Gorra C\u00f3rdoba<\/strong>, compuesta por diversas organizaciones que nos encontramos este a\u00f1o desde el 29\/9, y desde hace 11 a\u00f1os, decidimos compartir los siguientes dos puntos.<\/p>\n<p>Por un lado para <strong>aclarar algunas dudas en relaci\u00f3n a las vinculaciones con otros espacios<\/strong>, y por otro, para <strong>no perder lo que durante a\u00f1os y con esfuerzo venimos construyendo<\/strong>:<\/p>\n<p><strong>1- En relaci\u00f3n a las Marchas de la Gorra que se realizan en otras localidades<\/strong>, venimos tenie<span class=\"text_exposed_show\">ndo articulaci\u00f3n con las siguientes: R\u00edo Cuarto, Mina Clavero, San Francisco, Villa Mar\u00eda y Villa Nueva, Sierras Chicas, Jes\u00fas Mar\u00eda y Colonia Caroya (C\u00f3rdoba), La Plata, Tandil y las dos marchas en Mar del Plata (Buenos Aires), y San Fernando del Valle de Catamarca (Catamarca).<\/span><\/p>\n<div class=\"text_exposed_show\">\n<p><strong>2- En relaci\u00f3n a los acuerdos construidos luego de varios a\u00f1os para realizar la Marcha<\/strong>, decimos que: esta expresi\u00f3n de lucha y visibilidad popular est\u00e1 en contra de la Represi\u00f3n Estatal venga del gobierno que venga, y la misma no comenz\u00f3 cuando asumi\u00f3 Macri; la construcci\u00f3n en este espacio es de manera horizontal, no vertical, colectiva, respetuosa, donde la palabra circula y puede ser empleada por todas las organizaciones, espacios y autoconvocadxs; no es lugar para alojar personas que hayan violentado a compa\u00f1eras; se decide en asamblea general, no en una mesa chica, donde resolvemos y acordamos por consenso y no por votaci\u00f3n; el llamado a participar, organizar, articular y marchar es abierto con la intenci\u00f3n de darle la mayor pluralidad posible.<\/p>\n<\/div>\n","protected":false},"excerpt":{"rendered":"<p>Desde la Mesa Organizativa de la Marcha de la Gorra C\u00f3rdoba, compuesta por diversas organizaciones que nos encontramos este a\u00f1o desde el 29\/9, y desde hace 11 a\u00f1os, decidimos compartir los siguientes dos puntos. Por un lado para aclarar algunas dudas en relaci\u00f3n a las vinculaciones con otros espacios, y por otro, para no perder&hellip; <br \/> <a class=\"button small blue\" href=\"https:\/\/marchadelagorra.org\/2024\/comunicado-oficial-mdlg-cordoba\/\">Leer m\u00e1s<\/a><\/p>\n","protected":false},"author":3,"featured_media":2009,"comment_status":"closed","ping_status":"closed","sticky":false,"template":"","format":"standard","meta":{"footnotes":""},"categories":[322,314,36],"tags":[],"class_list":["post-2008","post","type-post","status-publish","format-standard","has-post-thumbnail","hentry","category-11-mdlg","category-actualidad","category-notas"],"aioseo_notices":[],"_links":{"self":[{"href":"https:\/\/marchadelagorra.org\/2024\/wp-json\/wp\/v2\/posts\/2008","targetHints":{"allow":["GET"]}}],"collection":[{"href":"https:\/\/marchadelagorra.org\/2024\/wp-json\/wp\/v2\/posts"}],"about":[{"href":"https:\/\/marchadelagorra.org\/2024\/wp-json\/wp\/v2\/types\/post"}],"author":[{"embeddable":true,"href":"https:\/\/marchadelagorra.org\/2024\/wp-json\/wp\/v2\/users\/3"}],"replies":[{"embeddable":true,"href":"https:\/\/marchadelagorra.org\/2024\/wp-json\/wp\/v2\/comments?post=2008"}],"version-history":[{"count":0,"href":"https:\/\/marchadelagorra.org\/2024\/wp-json\/wp\/v2\/posts\/2008\/revisions"}],"wp:featuredmedia":[{"embeddable":true,"href":"https:\/\/marchadelagorra.org\/2024\/wp-json\/"}],"wp:attachment":[{"href":"https:\/\/marchadelagorra.org\/2024\/wp-json\/wp\/v2\/media?parent=2008"}],"wp:term":[{"taxonomy":"category","embeddable":true,"href":"https:\/\/marchadelagorra.org\/2024\/wp-json\/wp\/v2\/categories?post=2008"},{"taxonomy":"post_tag","embeddable":true,"href":"https:\/\/marchadelagorra.org\/2024\/wp-json\/wp\/v2\/tags?post=2008"}],"curies":[{"name":"wp","href":"https:\/\/api.w.org\/{rel}","templated":true}]}}