{"id":2003,"date":"2017-11-05T17:56:18","date_gmt":"2017-11-05T17:56:18","guid":{"rendered":"https:\/\/marchadelagorra.org\/?p=2003"},"modified":"2017-11-05T17:56:18","modified_gmt":"2017-11-05T17:56:18","slug":"tercer-alto-embrollo-en-jesus-maria-colonia-caroya","status":"publish","type":"post","link":"https:\/\/marchadelagorra.org\/2024\/tercer-alto-embrollo-en-jesus-maria-colonia-caroya\/","title":{"rendered":"Tercer Alto Embrollo en Jes\u00fas Mar\u00eda &#8211; Colonia Caroya"},"content":{"rendered":"<p><img fetchpriority=\"high\" decoding=\"async\" class=\" wp-image-2005 alignleft\" src=\"https:\/\/marchadelagorra.org\/wp-content\/uploads\/2017\/11\/ae-jesus-maria-2017-2.jpg\" alt=\"ae-jesus maria-2017-2\" width=\"306\" height=\"172\" \/>Tercer Alto Embrollo en Jes\u00fas Mar\u00eda &#8211; Colonia Caroya<br \/>\nNing\u00fana gota impide el Alt\u00edsimo Embroio.<br \/>\nHay stencils, tambores,malavares, rap.<br \/>\nEst\u00e1 Santiago Presente, as\u00ed como lxs pibxs que recordamos y lxs que est\u00e1n ac\u00e1 vibrando. Por todxs lxs asesinadxs por este y otrxs gobiernos.<span class=\"text_exposed_show\"><br \/>\n<a class=\"_58cn\" href=\"https:\/\/www.facebook.com\/hashtag\/sevienela11?source=feed_text&amp;story_id=1767493199961812\" data-ft=\"{&quot;tn&quot;:&quot;*N&quot;,&quot;type&quot;:104}\"><span class=\"_5afx\"><span class=\"_58cl _5afz\">#<\/span><span class=\"_58cm\">SEVIENELA11<\/span><\/span><\/a> y Jes\u00fas Mar\u00eda y Colonia Caroya marchan con nosotres en C\u00f3rdoba!<\/span><\/p>\n<p><a href=\"https:\/\/www.facebook.com\/MarchaDeLaGorra\/photos\/pcb.1767493199961812\/1767491269962005\/?type=3&amp;theater\" target=\"_blank\" rel=\"noopener\">Ver fotos<\/a><\/p>\n","protected":false},"excerpt":{"rendered":"<p>Tercer Alto Embrollo en Jes\u00fas Mar\u00eda &#8211; Colonia Caroya Ning\u00fana gota impide el Alt\u00edsimo Embroio. Hay stencils, tambores,malavares, rap. Est\u00e1 Santiago Presente, as\u00ed como lxs pibxs que recordamos y lxs que est\u00e1n ac\u00e1 vibrando. Por todxs lxs asesinadxs por este y otrxs gobiernos. #SEVIENELA11 y Jes\u00fas Mar\u00eda y Colonia Caroya marchan con nosotres en C\u00f3rdoba!&hellip; <br \/> <a class=\"button small blue\" href=\"https:\/\/marchadelagorra.org\/2024\/tercer-alto-embrollo-en-jesus-maria-colonia-caroya\/\">Leer m\u00e1s<\/a><\/p>\n","protected":false},"author":3,"featured_media":2004,"comment_status":"closed","ping_status":"closed","sticky":false,"template":"","format":"standard","meta":{"footnotes":""},"categories":[322,314],"tags":[],"class_list":["post-2003","post","type-post","status-publish","format-standard","has-post-thumbnail","hentry","category-11-mdlg","category-actualidad"],"aioseo_notices":[],"_links":{"self":[{"href":"https:\/\/marchadelagorra.org\/2024\/wp-json\/wp\/v2\/posts\/2003","targetHints":{"allow":["GET"]}}],"collection":[{"href":"https:\/\/marchadelagorra.org\/2024\/wp-json\/wp\/v2\/posts"}],"about":[{"href":"https:\/\/marchadelagorra.org\/2024\/wp-json\/wp\/v2\/types\/post"}],"author":[{"embeddable":true,"href":"https:\/\/marchadelagorra.org\/2024\/wp-json\/wp\/v2\/users\/3"}],"replies":[{"embeddable":true,"href":"https:\/\/marchadelagorra.org\/2024\/wp-json\/wp\/v2\/comments?post=2003"}],"version-history":[{"count":0,"href":"https:\/\/marchadelagorra.org\/2024\/wp-json\/wp\/v2\/posts\/2003\/revisions"}],"wp:featuredmedia":[{"embeddable":true,"href":"https:\/\/marchadelagorra.org\/2024\/wp-json\/"}],"wp:attachment":[{"href":"https:\/\/marchadelagorra.org\/2024\/wp-json\/wp\/v2\/media?parent=2003"}],"wp:term":[{"taxonomy":"category","embeddable":true,"href":"https:\/\/marchadelagorra.org\/2024\/wp-json\/wp\/v2\/categories?post=2003"},{"taxonomy":"post_tag","embeddable":true,"href":"https:\/\/marchadelagorra.org\/2024\/wp-json\/wp\/v2\/tags?post=2003"}],"curies":[{"name":"wp","href":"https:\/\/api.w.org\/{rel}","templated":true}]}}