{"id":1997,"date":"2017-11-05T17:44:42","date_gmt":"2017-11-05T17:44:42","guid":{"rendered":"https:\/\/marchadelagorra.org\/?p=1997"},"modified":"2017-11-05T17:44:42","modified_gmt":"2017-11-05T17:44:42","slug":"entre-parche-en-parche-en-boedo-hubo-fiesta","status":"publish","type":"post","link":"https:\/\/marchadelagorra.org\/2024\/entre-parche-en-parche-en-boedo-hubo-fiesta\/","title":{"rendered":"Entre parche en parche, en Boedo hubo fiesta"},"content":{"rendered":"<p><img decoding=\"async\" class=\" wp-image-1998 alignleft\" src=\"https:\/\/marchadelagorra.org\/wp-content\/uploads\/2017\/11\/boedo-ae-2017-1.jpg\" alt=\"boedo-ae-2017-1\" width=\"177\" height=\"266\" \/>Villa Boedo retumba en sus calles de tierra. En la cuadra se sent\u00eda el ritmo de la m\u00fasica. En la esquina, el mural de Exequiel Barraza, un grito de justicia trazado con brocha de color negro.<br \/>\nLa alegr\u00eda es lo \u00fanico que existe. Ni\u00f1xs revoloteando con una sonrisa que les pinta la cara de colores.<br \/>\nEl Alto Embrollo de Boedo fue la expresi\u00f3n de la lucha y alegr\u00edas puras y aut\u00e9nticas de los barrios cordobeses que son criminalizados y pers<span class=\"text_exposed_show\">eguidos por el Estado.<br \/>\nLxs pibxs bailando, agitando, y organizados gritaron que \u00abEl Estado nos mata, sus medios lo bancan y nuestra lucha avanza\u00bb. As\u00ed, esa fuerza popular, eso es la <a class=\"profileLink\" href=\"https:\/\/www.facebook.com\/MarchaDeLaGorra\/?fref=mentions\" data-hovercard=\"\/ajax\/hovercard\/page.php?id=466026820108463&amp;extragetparams=%7B%22fref%22%3A%22mentions%22%7D\" data-hovercard-prefer-more-content-show=\"1\">Marcha de la Gorra<\/a>.<\/span><\/p>\n<div class=\"text_exposed_show\">\n<p><a class=\"_58cn\" href=\"https:\/\/www.facebook.com\/hashtag\/sevienela11?source=feed_text&amp;story_id=1768131019898030\" data-ft=\"{&quot;tn&quot;:&quot;*N&quot;,&quot;type&quot;:104}\"><span class=\"_5afx\"><span class=\"_58cl _5afz\">#<\/span><span class=\"_58cm\">SeVienela11<\/span><\/span><\/a> <a class=\"_58cn\" href=\"https:\/\/www.facebook.com\/hashtag\/lasalidaescolectiva?source=feed_text&amp;story_id=1768131019898030\" data-ft=\"{&quot;tn&quot;:&quot;*N&quot;,&quot;type&quot;:104}\"><span class=\"_5afx\"><span class=\"_58cl _5afz\">#<\/span><span class=\"_58cm\">LaSalidaesColectiva<\/span><\/span><\/a><br \/>\n\/\/17\/11 &#8211; 17hr. &#8211; 9 de Julio y Gral. Paz \/\/<\/p>\n<\/div>\n","protected":false},"excerpt":{"rendered":"<p>Villa Boedo retumba en sus calles de tierra. En la cuadra se sent\u00eda el ritmo de la m\u00fasica. En la esquina, el mural de Exequiel Barraza, un grito de justicia trazado con brocha de color negro. La alegr\u00eda es lo \u00fanico que existe. Ni\u00f1xs revoloteando con una sonrisa que les pinta la cara de colores.&hellip; <br \/> <a class=\"button small blue\" href=\"https:\/\/marchadelagorra.org\/2024\/entre-parche-en-parche-en-boedo-hubo-fiesta\/\">Leer m\u00e1s<\/a><\/p>\n","protected":false},"author":3,"featured_media":1999,"comment_status":"closed","ping_status":"closed","sticky":false,"template":"","format":"standard","meta":{"footnotes":""},"categories":[322,314],"tags":[],"class_list":["post-1997","post","type-post","status-publish","format-standard","has-post-thumbnail","hentry","category-11-mdlg","category-actualidad"],"aioseo_notices":[],"_links":{"self":[{"href":"https:\/\/marchadelagorra.org\/2024\/wp-json\/wp\/v2\/posts\/1997","targetHints":{"allow":["GET"]}}],"collection":[{"href":"https:\/\/marchadelagorra.org\/2024\/wp-json\/wp\/v2\/posts"}],"about":[{"href":"https:\/\/marchadelagorra.org\/2024\/wp-json\/wp\/v2\/types\/post"}],"author":[{"embeddable":true,"href":"https:\/\/marchadelagorra.org\/2024\/wp-json\/wp\/v2\/users\/3"}],"replies":[{"embeddable":true,"href":"https:\/\/marchadelagorra.org\/2024\/wp-json\/wp\/v2\/comments?post=1997"}],"version-history":[{"count":0,"href":"https:\/\/marchadelagorra.org\/2024\/wp-json\/wp\/v2\/posts\/1997\/revisions"}],"wp:featuredmedia":[{"embeddable":true,"href":"https:\/\/marchadelagorra.org\/2024\/wp-json\/"}],"wp:attachment":[{"href":"https:\/\/marchadelagorra.org\/2024\/wp-json\/wp\/v2\/media?parent=1997"}],"wp:term":[{"taxonomy":"category","embeddable":true,"href":"https:\/\/marchadelagorra.org\/2024\/wp-json\/wp\/v2\/categories?post=1997"},{"taxonomy":"post_tag","embeddable":true,"href":"https:\/\/marchadelagorra.org\/2024\/wp-json\/wp\/v2\/tags?post=1997"}],"curies":[{"name":"wp","href":"https:\/\/api.w.org\/{rel}","templated":true}]}}