{"id":1993,"date":"2017-11-05T17:30:40","date_gmt":"2017-11-05T17:30:40","guid":{"rendered":"https:\/\/marchadelagorra.org\/?p=1993"},"modified":"2017-11-05T17:30:40","modified_gmt":"2017-11-05T17:30:40","slug":"mar-del-plata-una-ola-de-pibxs-marcharan-por-sus-derechos","status":"publish","type":"post","link":"https:\/\/marchadelagorra.org\/2024\/mar-del-plata-una-ola-de-pibxs-marcharan-por-sus-derechos\/","title":{"rendered":"Mar del Plata: una ola de pibxs marchar\u00e1n por sus derechos"},"content":{"rendered":"<hr \/>\n<p><img fetchpriority=\"high\" decoding=\"async\" class=\" wp-image-1995 alignleft\" src=\"https:\/\/marchadelagorra.org\/wp-content\/uploads\/2017\/11\/mar-del-plata-marcha-2017.jpeg\" alt=\"mar del plata marcha 2017\" width=\"313\" height=\"383\" \/>La Marcha de la Gorra tiene su origen en el a\u00f1o 2006 en la ciudad de C\u00f3rdoba Capital. All\u00ed grupos de j\u00f3venes, tomando como fecha la de sanci\u00f3n de la Convenci\u00f3n Internacional de Derechos del Ni\u00f1o, comenzaron a manifestarse en reclamo de sus derechos y en contra los abusos policiales. Dicha convocatoria genero grandes movilizaciones, acciones y espacios de unidad entre una gran cantidad de organizaciones sociales, pol\u00edticas y culturales.<\/p>\n<p>Teniendo como referencia lo realizado en aquella ciudad y ante la situaci\u00f3n de vulneraci\u00f3n y violaci\u00f3n de derechos que afecta a los ni\u00f1os, ni\u00f1as y adolescentes es que en el 2015 varias organizaciones de la ciudad de Mar del Plata convocamos y realizamos la 1er Marcha de la Gorra \u201cPor el Derecho a tener derechos. Contra la violencia policial e institucional\u201d.<\/p>\n<p>En el 2016 realizamos la segunda edici\u00f3n bajo la consigna \u00abCuando la gorra crece nuestros derechos desaparecen\u00bb.<\/p>\n<p>Este a\u00f1o tomamos nuevamente la posta de aquella actividad y redoblamos la apuesta apostando a m\u00e1s unidad para salir a reclamar por nuestros derechos y a seguir creciendo en personas y organizaciones que se suman a la marcha este a\u00f1o bajo la consigna \u00abOrganizaci\u00f3n popular frente a la violencia institucional\u00bb.<\/p>\n<p>Los y las invitamos a ser parte de todas las actividades previas que iremos difundiendo y del festival y marcha el 20 de noviembre. Creemos que los j\u00f3venes no solo son el futuro, sino que son el presente y que juntos y juntas lo construiremos, y como dijimos en el 2015 esta es la lucha que no termina hasta que cada pibe y piba tenga garantizado su derecho a un futuro, pero sobre todo a un presente feliz y digno!<\/p>\n<p>\u00a1LOS Y LAS ESPERAMOS!<\/p>\n","protected":false},"excerpt":{"rendered":"<p>La Marcha de la Gorra tiene su origen en el a\u00f1o 2006 en la ciudad de C\u00f3rdoba Capital. All\u00ed grupos de j\u00f3venes, tomando como fecha la de sanci\u00f3n de la Convenci\u00f3n Internacional de Derechos del Ni\u00f1o, comenzaron a manifestarse en reclamo de sus derechos y en contra los abusos policiales. Dicha convocatoria genero grandes movilizaciones,&hellip; <br \/> <a class=\"button small blue\" href=\"https:\/\/marchadelagorra.org\/2024\/mar-del-plata-una-ola-de-pibxs-marcharan-por-sus-derechos\/\">Leer m\u00e1s<\/a><\/p>\n","protected":false},"author":3,"featured_media":1994,"comment_status":"closed","ping_status":"closed","sticky":false,"template":"","format":"standard","meta":{"footnotes":""},"categories":[323,322,314],"tags":[],"class_list":["post-1993","post","type-post","status-publish","format-standard","has-post-thumbnail","hentry","category-aca-se-marcha","category-11-mdlg","category-actualidad"],"aioseo_notices":[],"_links":{"self":[{"href":"https:\/\/marchadelagorra.org\/2024\/wp-json\/wp\/v2\/posts\/1993","targetHints":{"allow":["GET"]}}],"collection":[{"href":"https:\/\/marchadelagorra.org\/2024\/wp-json\/wp\/v2\/posts"}],"about":[{"href":"https:\/\/marchadelagorra.org\/2024\/wp-json\/wp\/v2\/types\/post"}],"author":[{"embeddable":true,"href":"https:\/\/marchadelagorra.org\/2024\/wp-json\/wp\/v2\/users\/3"}],"replies":[{"embeddable":true,"href":"https:\/\/marchadelagorra.org\/2024\/wp-json\/wp\/v2\/comments?post=1993"}],"version-history":[{"count":0,"href":"https:\/\/marchadelagorra.org\/2024\/wp-json\/wp\/v2\/posts\/1993\/revisions"}],"wp:featuredmedia":[{"embeddable":true,"href":"https:\/\/marchadelagorra.org\/2024\/wp-json\/"}],"wp:attachment":[{"href":"https:\/\/marchadelagorra.org\/2024\/wp-json\/wp\/v2\/media?parent=1993"}],"wp:term":[{"taxonomy":"category","embeddable":true,"href":"https:\/\/marchadelagorra.org\/2024\/wp-json\/wp\/v2\/categories?post=1993"},{"taxonomy":"post_tag","embeddable":true,"href":"https:\/\/marchadelagorra.org\/2024\/wp-json\/wp\/v2\/tags?post=1993"}],"curies":[{"name":"wp","href":"https:\/\/api.w.org\/{rel}","templated":true}]}}