{"id":1987,"date":"2017-11-02T23:11:32","date_gmt":"2017-11-02T23:11:32","guid":{"rendered":"https:\/\/marchadelagorra.org\/?p=1987"},"modified":"2017-11-02T23:11:32","modified_gmt":"2017-11-02T23:11:32","slug":"en-las-villas-resistimos-villa-maria-y-villa-nueva-marchan-el-17","status":"publish","type":"post","link":"https:\/\/marchadelagorra.org\/2024\/en-las-villas-resistimos-villa-maria-y-villa-nueva-marchan-el-17\/","title":{"rendered":"En las villas resistimos: Villa Mar\u00eda y Villa Nueva marchan el 17"},"content":{"rendered":"<p><strong><em><img fetchpriority=\"high\" decoding=\"async\" class=\" wp-image-1988 alignleft\" src=\"https:\/\/marchadelagorra.org\/wp-content\/uploads\/2017\/11\/index.jpg\" alt=\"index\" width=\"310\" height=\"438\" \/>Las ciudades de Villa Mar\u00eda y Villa Nueva del interior de C\u00f3rdoba, marchar\u00e1n el viernes 17 de noviembre a las 17 horas en Plaza Centenario, en contra del C\u00f3digo de Convivencia y los abusos aplicados por las fuerzas de seguridad de la polic\u00eda de la provincia.<\/em><\/strong><\/p>\n<p>En Villa Mar\u00eda nos resistimos a las pol\u00edticas represivas organiz\u00e1ndonos en forma autogestionaria en VACAP -vecinxs autoconvocadxs contra abusos policiales- desde 2008, para denunciar las detenciones arbitrarias a quienes se consideran \u00abpeligrosos\u00bb bajo la herramienta del C\u00f3digo de Faltas, aprobado en la legislatura el 17\/11\/1994.<\/p>\n<p>Al acompa\u00f1ar el accionar de vecinxs en las denuncias de las diferentes pr\u00e1cticas policiales violentas, se posibilit\u00f3 visualizar los derechos a trabajar, circular, protestar que estaban y est\u00e1n siendo avasallados por el Estado de derecho, en especial hacia los sectores populares, propiciando la auto-organizaci\u00f3n.<\/p>\n<p>En 2012 se organiz\u00f3 en Villa Mar\u00eda, la primera Marcha de la Gorra y se contin\u00faa en forma ininterrumpida, imprimi\u00e9ndole nuestra particularidad, la sexta Marcha, en el presente a\u00f1o, impulsadas por ciudadanxs, organizaciones estudiantiles, de DdHh, y autogestionarias, articulando en diferentes momentos con Foccof , Coordinadora Anticarcelaria y Anti-represiva , \u00e9ste proceso de seis a\u00f1os.<\/p>\n<p>Para la Marcha de la Gorra hemos logrado construir colectivamente, pr\u00e1cticas culturales que se sostienen en talleres en escuelas secundarias p\u00fablicas, acciones deliberativas en espacios universitarios, proyecci\u00f3n de pel\u00edculas con debates en diferentes espacios, presentaci\u00f3n de libros de investigaci\u00f3n sobre las pol\u00edticas represivas hacia sectores populares, intervenciones art\u00edsticas en calles y plazas, volanteadas en barrios y centro de la ciudad, ahora m\u00e1s articulados en la COORDINADORA ANTI-REPRESIVA DE VM Y VN.<\/p>\n<div style=\"width: 640px;\" class=\"wp-video\"><video class=\"wp-video-shortcode\" id=\"video-1987-1\" width=\"640\" height=\"352\" preload=\"metadata\" controls=\"controls\"><source type=\"video\/mp4\" src=\"https:\/\/marchadelagorra.org\/wp-content\/uploads\/2017\/11\/spot-Villa-maria.mp4?_=1\" \/><a href=\"https:\/\/marchadelagorra.org\/wp-content\/uploads\/2017\/11\/spot-Villa-maria.mp4\">https:\/\/marchadelagorra.org\/wp-content\/uploads\/2017\/11\/spot-Villa-maria.mp4<\/a><\/video><\/div>\n","protected":false},"excerpt":{"rendered":"<p>Las ciudades de Villa Mar\u00eda y Villa Nueva del interior de C\u00f3rdoba, marchar\u00e1n el viernes 17 de noviembre a las 17 horas en Plaza Centenario, en contra del C\u00f3digo de Convivencia y los abusos aplicados por las fuerzas de seguridad de la polic\u00eda de la provincia. En Villa Mar\u00eda nos resistimos a las pol\u00edticas represivas&hellip; <br \/> <a class=\"button small blue\" href=\"https:\/\/marchadelagorra.org\/2024\/en-las-villas-resistimos-villa-maria-y-villa-nueva-marchan-el-17\/\">Leer m\u00e1s<\/a><\/p>\n","protected":false},"author":3,"featured_media":1990,"comment_status":"closed","ping_status":"closed","sticky":false,"template":"","format":"standard","meta":{"footnotes":""},"categories":[323,322,314],"tags":[],"class_list":["post-1987","post","type-post","status-publish","format-standard","has-post-thumbnail","hentry","category-aca-se-marcha","category-11-mdlg","category-actualidad"],"aioseo_notices":[],"_links":{"self":[{"href":"https:\/\/marchadelagorra.org\/2024\/wp-json\/wp\/v2\/posts\/1987","targetHints":{"allow":["GET"]}}],"collection":[{"href":"https:\/\/marchadelagorra.org\/2024\/wp-json\/wp\/v2\/posts"}],"about":[{"href":"https:\/\/marchadelagorra.org\/2024\/wp-json\/wp\/v2\/types\/post"}],"author":[{"embeddable":true,"href":"https:\/\/marchadelagorra.org\/2024\/wp-json\/wp\/v2\/users\/3"}],"replies":[{"embeddable":true,"href":"https:\/\/marchadelagorra.org\/2024\/wp-json\/wp\/v2\/comments?post=1987"}],"version-history":[{"count":0,"href":"https:\/\/marchadelagorra.org\/2024\/wp-json\/wp\/v2\/posts\/1987\/revisions"}],"wp:featuredmedia":[{"embeddable":true,"href":"https:\/\/marchadelagorra.org\/2024\/wp-json\/"}],"wp:attachment":[{"href":"https:\/\/marchadelagorra.org\/2024\/wp-json\/wp\/v2\/media?parent=1987"}],"wp:term":[{"taxonomy":"category","embeddable":true,"href":"https:\/\/marchadelagorra.org\/2024\/wp-json\/wp\/v2\/categories?post=1987"},{"taxonomy":"post_tag","embeddable":true,"href":"https:\/\/marchadelagorra.org\/2024\/wp-json\/wp\/v2\/tags?post=1987"}],"curies":[{"name":"wp","href":"https:\/\/api.w.org\/{rel}","templated":true}]}}