{"id":1967,"date":"2017-10-31T18:49:35","date_gmt":"2017-10-31T18:49:35","guid":{"rendered":"https:\/\/marchadelagorra.org\/?p=1967"},"modified":"2017-10-31T18:49:35","modified_gmt":"2017-10-31T18:49:35","slug":"alto-embrollo-en-jesus-maria-y-colonia-caroya","status":"publish","type":"post","link":"https:\/\/marchadelagorra.org\/2024\/alto-embrollo-en-jesus-maria-y-colonia-caroya\/","title":{"rendered":"Alto Embrollo en Jes\u00fas Mar\u00eda y Colonia  Caroya"},"content":{"rendered":"<h3><strong>\u00a1Se viene el Alto Embrollo!<\/strong><\/h3>\n<p><iframe class=\" alignleft\" src=\"https:\/\/www.youtube.com\/embed\/Q2T99mFdBxs\" width=\"300\" height=\"300\" frameborder=\"0\" allowfullscreen=\"allowfullscreen\"><\/iframe>En 2011 nace el Alto Embrollo, en el marco de la Marcha de La Gorra, son jornadas de manifestaci\u00f3n de la cultura juvenil que repudian la violencias sociales y exigen al estado para que deje de ejercer violencia institucional y se haga cargo de remediar la situaci\u00f3n y garantizar una seguridad democr\u00e1tica que incluya a todos y todas sin estigmatizar y perseguir las distintas identidades juveniles.<br \/>\nCompartimos con otros y otras e interpelamos a la sociedad acerca de qui\u00e9nes somos, qu\u00e9 hacemos, qu\u00e9 nos gusta y disgusta, qui\u00e9nes queremos ser, se desarrollan actividades vinculadas a la m\u00fasica, la fotograf\u00eda, la danza, el circo, la poes\u00eda, el arte callejero, entre otras expresiones. Para todo esto promovemos el uso del espacio p\u00fablico para disputar sentidos.<br \/>\n\u00a1En Jes\u00fas Mar\u00eda y Colonia\u00a0 Caroya nos organizamos dando respuesta a las vivencias colectivas, y por tercera vez hacemos la previa a la Marcha de la Gorra!<br \/>\nEl pr\u00f3ximo s\u00e1bado 4 de noviembre en La Plaza Pio Le\u00f3n (Jes\u00fas Mar\u00eda) desde las 16:00 hs se va a estar llevando el Alto Embrollo: M\u00fasica en vivo, intervenciones art\u00edsticas, feria, tuneada de remeras y parches para La 11, ensamble murguero y transmisi\u00f3n de documental.<br \/>\nAdem\u00e1s se realizara una marcha en las calles principales de la ciudad.<\/p>\n<p>Se nos pude encontrar en Facebook como Alto Embrollo. Abrimos la convocatoria para participar ese d\u00eda y copar las calles.<\/p>\n<p>\u00a1LA SALIDA ES COLECTIVA!<\/p>\n","protected":false},"excerpt":{"rendered":"<p>\u00a1Se viene el Alto Embrollo! En 2011 nace el Alto Embrollo, en el marco de la Marcha de La Gorra, son jornadas de manifestaci\u00f3n de la cultura juvenil que repudian la violencias sociales y exigen al estado para que deje de ejercer violencia institucional y se haga cargo de remediar la situaci\u00f3n y garantizar una&hellip; <br \/> <a class=\"button small blue\" href=\"https:\/\/marchadelagorra.org\/2024\/alto-embrollo-en-jesus-maria-y-colonia-caroya\/\">Leer m\u00e1s<\/a><\/p>\n","protected":false},"author":3,"featured_media":1968,"comment_status":"closed","ping_status":"closed","sticky":false,"template":"","format":"standard","meta":{"footnotes":""},"categories":[322,314],"tags":[],"class_list":["post-1967","post","type-post","status-publish","format-standard","has-post-thumbnail","hentry","category-11-mdlg","category-actualidad"],"aioseo_notices":[],"_links":{"self":[{"href":"https:\/\/marchadelagorra.org\/2024\/wp-json\/wp\/v2\/posts\/1967","targetHints":{"allow":["GET"]}}],"collection":[{"href":"https:\/\/marchadelagorra.org\/2024\/wp-json\/wp\/v2\/posts"}],"about":[{"href":"https:\/\/marchadelagorra.org\/2024\/wp-json\/wp\/v2\/types\/post"}],"author":[{"embeddable":true,"href":"https:\/\/marchadelagorra.org\/2024\/wp-json\/wp\/v2\/users\/3"}],"replies":[{"embeddable":true,"href":"https:\/\/marchadelagorra.org\/2024\/wp-json\/wp\/v2\/comments?post=1967"}],"version-history":[{"count":0,"href":"https:\/\/marchadelagorra.org\/2024\/wp-json\/wp\/v2\/posts\/1967\/revisions"}],"wp:featuredmedia":[{"embeddable":true,"href":"https:\/\/marchadelagorra.org\/2024\/wp-json\/"}],"wp:attachment":[{"href":"https:\/\/marchadelagorra.org\/2024\/wp-json\/wp\/v2\/media?parent=1967"}],"wp:term":[{"taxonomy":"category","embeddable":true,"href":"https:\/\/marchadelagorra.org\/2024\/wp-json\/wp\/v2\/categories?post=1967"},{"taxonomy":"post_tag","embeddable":true,"href":"https:\/\/marchadelagorra.org\/2024\/wp-json\/wp\/v2\/tags?post=1967"}],"curies":[{"name":"wp","href":"https:\/\/api.w.org\/{rel}","templated":true}]}}