{"id":1946,"date":"2017-10-26T13:17:39","date_gmt":"2017-10-26T13:17:39","guid":{"rendered":"https:\/\/marchadelagorra.org\/?p=1946"},"modified":"2017-10-26T13:17:39","modified_gmt":"2017-10-26T13:17:39","slug":"catamarca-mas-de-26-anos-de-detenciones","status":"publish","type":"post","link":"https:\/\/marchadelagorra.org\/2024\/catamarca-mas-de-26-anos-de-detenciones\/","title":{"rendered":"Detenciones arbitrarias: una pr\u00e1ctica sistem\u00e1tica en Catamarca"},"content":{"rendered":"<p><em>La polic\u00eda de Catamarca detiene todos los d\u00edas cientos de personas de manera arbitraria e ilegal. Lo hace basado principalmente en el <strong>art 8 inc. B) del decreto-ley 4663 del a\u00f1o 1991<\/strong>, \u00e9poca de la intervenci\u00f3n de la provincia por el Caso Mar\u00eda Soledad Morales, es decir, un momento en d\u00f3nde lo que reinaba era lo que se conoce como el Estado de excepci\u00f3n.<\/em><\/p>\n<p>En aquella \u00e9poca se le otorg\u00f3 esta facultad absolutamente inconstitucional a la polic\u00eda de la provincia y hasta la fecha ning\u00fan gobierno se anim\u00f3 a derogarla.<\/p>\n<p>Esta atribuci\u00f3n le permite a la polic\u00eda detener a una persona para averiguar sus medios de vida, (algo sobre lo que la polic\u00eda no tiene competencia para intervenir) o cuando se niegue a identificarse, cosa que en general no sucede porque nadie tiene problema de decir su nombre o donde vive, solo que muchas veces no lleva consigo el DNI para acreditar lo que dice.<\/p>\n<p>En la pr\u00e1ctica, lo que ocurre realmente es que esto es utilizado por la polic\u00eda como pretexto para proceder a la detenci\u00f3n de personas vulnerables.<br \/>\nY aunque esta ley establece que en cualquiera de estos casos el arresto no podr\u00e1 superar las 24 hs sabemos que en la pr\u00e1ctica las detenciones superan ese l\u00edmite, sobre todo cuando no tenemos familia o amigos que reclamen por nosotros.<\/p>\n<p>Las razones reales de la detenci\u00f3n por esta causa son muchas y variadas:<\/p>\n<ul>\n<li>Demostrar poder y control entre los j\u00f3venes de las barriadas;<\/li>\n<li>Disciplinar a j\u00f3venes estigmatizados como \u201cconflictivos\u201d;<\/li>\n<li>\u201cHacer n\u00famero\u201d como se conoce en la jerga policial a la pr\u00e1ctica de arrestar personas para que en esa guardia quede asentado que \u201cse hizo algo\u201d;<\/li>\n<li>Tomar represalias contra alg\u00fan conocido; entre muchos otros motivos.<\/li>\n<\/ul>\n<p>Sumado a esto y en el marco de detenciones ilegales est\u00e1n las causas de gatillo f\u00e1cil y los \u201csuicidios\u201d en las comisar\u00edas y el penal; los abusos sexuales organizados y\/o cometidos por oficiales de la fuerza a los \u201cprimerizos del penal\u201d (generalmente pibes de entre 18 y 22 a\u00f1os); las detenciones que no constan en ning\u00fan acta, contra lxs pibxs y sus familias; las causas armadas; las detenciones a menores, y los abusos cometidos en las comisar\u00edas, que incluyen el horrendo abanico de pr\u00e1cticas que se repite a lo largo del pa\u00eds (humillaciones, picana, golpes, abuso sexual,etc)<\/p>\n<p>En Septiembre de 2016 la Agrupaci\u00f3n Abogados Populares de Catamarca elabora el Manual del detenido, y este a\u00f1o en un trabajo conjunto con La Poderosa Catamarca fue resumido y bajado a formato fanzine para ser llevado a las calles.<\/p>\n<p><strong>Detenciones a menores \/ no a la baja<\/strong><\/p>\n<p>En el 2013 un fallo del Juez de Garant\u00edas Ram\u00f3n Porfirio Acu\u00f1a declara la inconstitucionalidad de los arrestos policiales por \u201caveriguaci\u00f3n de antecedentes\u201d ya que es violatoria de las normativas constitucionales provinciales y nacionales. Exhort\u00f3 adem\u00e1s a los poderes legislativos a adecuar la norma para resolver esta distancia que existe con los ordenamientos internacionales que garantizan un derecho b\u00e1sico de todas las personas. Ese mismo a\u00f1o la Diputada Cecilia Guerrero (FPV) present\u00f3 el proyecto pero aun sigue sin tratarse.<\/p>\n<p>En diciembre de 2016, el juez Morabito prohibi\u00f3 a la polic\u00eda arrestar a menores por no portar documento o por la denominada \u00abactitud sospechosa\u201d (pr\u00e1ctica sumamente com\u00fan en Catamarca). A trav\u00e9s de una sentencia, el magistrado hizo alusi\u00f3n a los casos de arbitrariedad en las demoras de menores.<\/p>\n<p>Durante los fines de semana, la polic\u00eda de la provincia realiza operativos de control vehicular y de identificaci\u00f3n de personas en distintos puntos de la ciudad, generalmente en las barriadas populares, llegando a detener entre 15 y 40 j\u00f3venes por no contar con su identificaci\u00f3n.<\/p>\n<p>Y todas las noches despu\u00e9s de las 21hs se procede a un raleo en la plaza principal, punto muy concurrido de encuentro de j\u00f3venes y adolescentes, obligando a los menores a retirarse.<\/p>\n<p><strong>Persecusi\u00f3n al reclamo<br \/>\n<\/strong><\/p>\n<p>Pese al constante hostigamiento y persecuci\u00f3n, v\u00edctimas y familiares de abusos policiales y\/o gatillo f\u00e1cil le ponen el cuerpo al reclamo, ya sea solos frente a Casa de gobierno, las comisar\u00edas y fiscal\u00edas de la provincia, o sum\u00e1ndose a las convocatorias de las organizaciones.<br \/>\nEs postal com\u00fan ver en todas esas situaciones camionetas de la polic\u00eda (sin patente ni ning\u00fan tipo de de distintivo) y polic\u00edas de civil tomando fotos y registrando video.<\/p>\n<p>Aqu\u00ed la Agrupaci\u00f3n Catamarca Contra la Tortura busca reunir y organizar a estas familias en el reclamo y acompa\u00f1amiento de procesos. Naci\u00f3 en el 2015 con Pamela (una artesana detenida arbitrariamente y picaneada en la comisar\u00eda 1era), Sim\u00f3n activista contra la Megaminer\u00eda tambi\u00e9n perseguido y torturado por la polic\u00eda y Sebasti\u00e1n abogado de Abogados Populares Catamarca. Hoy nuclea a varios casos y familias.<\/p>\n<p>&nbsp;<\/p>\n<p>&nbsp;<\/p>\n<p>&nbsp;<\/p>\n<p><strong>\u00a0<\/strong><\/p>\n<p>&nbsp;<\/p>\n","protected":false},"excerpt":{"rendered":"<p>La polic\u00eda de Catamarca detiene todos los d\u00edas cientos de personas de manera arbitraria e ilegal. Lo hace basado principalmente en el art 8 inc. B) del decreto-ley 4663 del a\u00f1o 1991, \u00e9poca de la intervenci\u00f3n de la provincia por el Caso Mar\u00eda Soledad Morales, es decir, un momento en d\u00f3nde lo que reinaba era&hellip; <br \/> <a class=\"button small blue\" href=\"https:\/\/marchadelagorra.org\/2024\/catamarca-mas-de-26-anos-de-detenciones\/\">Leer m\u00e1s<\/a><\/p>\n","protected":false},"author":3,"featured_media":1947,"comment_status":"closed","ping_status":"closed","sticky":false,"template":"","format":"standard","meta":{"footnotes":""},"categories":[323,322],"tags":[],"class_list":["post-1946","post","type-post","status-publish","format-standard","has-post-thumbnail","hentry","category-aca-se-marcha","category-11-mdlg"],"aioseo_notices":[],"_links":{"self":[{"href":"https:\/\/marchadelagorra.org\/2024\/wp-json\/wp\/v2\/posts\/1946","targetHints":{"allow":["GET"]}}],"collection":[{"href":"https:\/\/marchadelagorra.org\/2024\/wp-json\/wp\/v2\/posts"}],"about":[{"href":"https:\/\/marchadelagorra.org\/2024\/wp-json\/wp\/v2\/types\/post"}],"author":[{"embeddable":true,"href":"https:\/\/marchadelagorra.org\/2024\/wp-json\/wp\/v2\/users\/3"}],"replies":[{"embeddable":true,"href":"https:\/\/marchadelagorra.org\/2024\/wp-json\/wp\/v2\/comments?post=1946"}],"version-history":[{"count":0,"href":"https:\/\/marchadelagorra.org\/2024\/wp-json\/wp\/v2\/posts\/1946\/revisions"}],"wp:featuredmedia":[{"embeddable":true,"href":"https:\/\/marchadelagorra.org\/2024\/wp-json\/"}],"wp:attachment":[{"href":"https:\/\/marchadelagorra.org\/2024\/wp-json\/wp\/v2\/media?parent=1946"}],"wp:term":[{"taxonomy":"category","embeddable":true,"href":"https:\/\/marchadelagorra.org\/2024\/wp-json\/wp\/v2\/categories?post=1946"},{"taxonomy":"post_tag","embeddable":true,"href":"https:\/\/marchadelagorra.org\/2024\/wp-json\/wp\/v2\/tags?post=1946"}],"curies":[{"name":"wp","href":"https:\/\/api.w.org\/{rel}","templated":true}]}}