{"id":194,"date":"2014-10-08T20:44:07","date_gmt":"2014-10-08T20:44:07","guid":{"rendered":"https:\/\/marchadelagorra.org\/?p=194"},"modified":"2014-10-08T20:44:07","modified_gmt":"2014-10-08T20:44:07","slug":"tuenojo-imagenes-que-interpelan","status":"publish","type":"post","link":"https:\/\/marchadelagorra.org\/2024\/tuenojo-imagenes-que-interpelan\/","title":{"rendered":"TUENOJO: Im\u00e1genes que interpelan"},"content":{"rendered":"<div id=\"parent-fieldname-description\" class=\"documentDescription\">\n<p>\u201cUn discurso hegem\u00f3nico que exige determinados modos de ser. La coerci\u00f3n y las armas sus herramientas. Un discurso que impone desde la inseguridad el miedo a ser distintos. Lejos lxs distintxs, mejor no verlxs\u201d puede leerse bien grande en la cartelera ubicada en una de las paredes de <strong>TUENOJO<\/strong>.<\/p>\n<\/div>\n<div id=\"content-core\">\n<div id=\"parent-fieldname-text\" class=\"plain\">\n<p><strong>TUENOJO<\/strong> es una <strong>muestra Colectiva de Fotograf\u00eda y Mediactivismo<\/strong>, integrada con obras de diversos colectivos de fot\u00f3grafxs, que fue inaugurada el pasado lunes 6 de octubre en el <strong>Museo de Antropolog\u00eda de la UNC<\/strong>. La muestra forma parte del <strong>1\u00b0 Flash Cultural<\/strong> organizado por el <strong>Colectivo de J\u00f3venes por Nuestros Derechos<\/strong>, en el marco de las <strong>Jornadas de Expresiones Culturales Juveniles Alto Embrollo<\/strong>.<\/p>\n<p><img decoding=\"async\" class=\"aligncenter\" src=\"http:\/\/www.unc.edu.ar\/extension-unc\/lo-que-paso\/2014\/tuenojo\/resolveuid\/684d17ec4d9e46f5bc88e2bf75e77b57\/image_preview\" alt=\"\" \/><\/p>\n<p><img decoding=\"async\" class=\"aligncenter\" src=\"http:\/\/www.unc.edu.ar\/extension-unc\/lo-que-paso\/2014\/tuenojo\/resolveuid\/b304b34872da4015927fd5cd3ed8a1a7\/image_preview\" alt=\"\" \/><\/p>\n<p>La exposici\u00f3n colectiva <strong>TUENOJO<\/strong> pretende transformar la construcci\u00f3n simb\u00f3lica de lxs sujetos estigmatizados como peligrosos, a partir del trabajo de los diferentes colectivos art\u00edsticos fotogr\u00e1ficos, que difunden miradas m\u00e1s pr\u00f3ximas a la cotidianeidad de quienes viven en Am\u00e9rica Latina. En este sentido, <strong>TUENOJO<\/strong> busca propiciar una disputa de sentidos que reconozcan al OTRX. Un espacio para compartir y recrear universos, cosmovisiones que evidencian matices culturales, diversidad e identidades <strong>TUENOJO<\/strong> es encuentro, intercambio y fusi\u00f3n\u201d .<\/p>\n<p>Los <strong>Colectivos de Fot\u00f3grafxs y Mediactivistas<\/strong> son <strong><a title=\"M.A.f.I.A.\" href=\"http:\/\/somosmafia.com.ar\/\">M.A.F.I.A<\/a> (Bs. As)<\/strong>, <strong><a title=\"Colectivo Manifiesto\" href=\"http:\/\/colectivomanifiesto.wordpress.com\/\">Colectivo Manifiesto <\/a>(Cba.)<\/strong>, <strong><a title=\"Midia NINJA\" href=\"https:\/\/ninja.oximity.com\/org\/NINJA-1\">Media Ninja<\/a> (Brasil)<\/strong> y <strong>Cobertura Colaborativa de 7\u00b0 Marcha de la Gorra (Cba.)<\/strong>. De sus marchas y andares, recorriendo las m\u00e1s diversas realidades de la regi\u00f3n, generaron el contenido que hoy se comparte en la muestra. Dichos Colectivos, no s\u00f3lo generan narrativas est\u00e9ticas que disputan, producen y distribuyen contenidos, tanto en el espacio p\u00fablico como en diversos medios de comunicaci\u00f3n, sino que adem\u00e1s construyen lenguajes que permiten interpelarnos como sociedad. Y as\u00ed poder vernos, reconocernos y reivindicarnos.<\/p>\n<p><img decoding=\"async\" class=\"aligncenter\" src=\"http:\/\/www.unc.edu.ar\/extension-unc\/lo-que-paso\/2014\/tuenojo\/resolveuid\/504de17848324145b7d37fa664e82650\/image_preview\" alt=\"\" \/><\/p>\n<p>La exposici\u00f3n que cont\u00f3 con el apoyo del <strong>Centro de Estudios Fotogr\u00e1ficos<\/strong>\u00a0(CEF) y el <strong>Programa Derecho a la Cultura<\/strong> dependiente de la Secretar\u00eda de Extensi\u00f3n Universitaria UNC, tendr\u00e1 vigencia hasta el 21 de noviembre y podr\u00e1 visitarse de lunes a viernes de 9 a 17 horas. La fecha de cierre tambi\u00e9n coincidir\u00e1 con un importante evento cultural de la ciudad de C\u00f3rdoba, <strong>La Noche de los Museos<\/strong>.<\/p>\n<p>En el marco de la muestra se realizar\u00e1n <strong>dos actividades paralelas<\/strong> el <strong>10 y 11 de octubre<\/strong>, consultalas <a href=\"http:\/\/www.unc.edu.ar\/extension-unc\/cultura\/agenda\/2014\/octubre-14\/inauguracion-muestra-colectiva-de-fotos-alto-embrollo\">aqui<\/a><\/p>\n<p><em><strong>Texto e im\u00e1genes<\/strong>: Cobertura Colaborativa Marcha de la Gorra<\/em><\/p>\n<\/div>\n<\/div>\n","protected":false},"excerpt":{"rendered":"<p>\u201cUn discurso hegem\u00f3nico que exige determinados modos de ser. La coerci\u00f3n y las armas sus herramientas. Un discurso que impone desde la inseguridad el miedo a ser distintos. Lejos lxs distintxs, mejor no verlxs\u201d puede leerse bien grande en la cartelera ubicada en una de las paredes de TUENOJO. TUENOJO es una muestra Colectiva de&hellip; <br \/> <a class=\"button small blue\" href=\"https:\/\/marchadelagorra.org\/2024\/tuenojo-imagenes-que-interpelan\/\">Leer m\u00e1s<\/a><\/p>\n","protected":false},"author":3,"featured_media":195,"comment_status":"closed","ping_status":"closed","sticky":false,"template":"","format":"standard","meta":{"footnotes":""},"categories":[30,35],"tags":[32,33],"class_list":["post-194","post","type-post","status-publish","format-standard","has-post-thumbnail","hentry","category-8-mdlg","category-mdlg-2014","tag-colectivo-de-jovenes-por-nuestros-derechos","tag-cordoba"],"aioseo_notices":[],"_links":{"self":[{"href":"https:\/\/marchadelagorra.org\/2024\/wp-json\/wp\/v2\/posts\/194","targetHints":{"allow":["GET"]}}],"collection":[{"href":"https:\/\/marchadelagorra.org\/2024\/wp-json\/wp\/v2\/posts"}],"about":[{"href":"https:\/\/marchadelagorra.org\/2024\/wp-json\/wp\/v2\/types\/post"}],"author":[{"embeddable":true,"href":"https:\/\/marchadelagorra.org\/2024\/wp-json\/wp\/v2\/users\/3"}],"replies":[{"embeddable":true,"href":"https:\/\/marchadelagorra.org\/2024\/wp-json\/wp\/v2\/comments?post=194"}],"version-history":[{"count":0,"href":"https:\/\/marchadelagorra.org\/2024\/wp-json\/wp\/v2\/posts\/194\/revisions"}],"wp:featuredmedia":[{"embeddable":true,"href":"https:\/\/marchadelagorra.org\/2024\/wp-json\/"}],"wp:attachment":[{"href":"https:\/\/marchadelagorra.org\/2024\/wp-json\/wp\/v2\/media?parent=194"}],"wp:term":[{"taxonomy":"category","embeddable":true,"href":"https:\/\/marchadelagorra.org\/2024\/wp-json\/wp\/v2\/categories?post=194"},{"taxonomy":"post_tag","embeddable":true,"href":"https:\/\/marchadelagorra.org\/2024\/wp-json\/wp\/v2\/tags?post=194"}],"curies":[{"name":"wp","href":"https:\/\/api.w.org\/{rel}","templated":true}]}}