{"id":1935,"date":"2017-10-24T19:09:51","date_gmt":"2017-10-24T19:09:51","guid":{"rendered":"https:\/\/marchadelagorra.org\/?p=1935"},"modified":"2017-10-24T19:09:51","modified_gmt":"2017-10-24T19:09:51","slug":"2da-marcha-de-la-gorra-tandil","status":"publish","type":"post","link":"https:\/\/marchadelagorra.org\/2024\/2da-marcha-de-la-gorra-tandil\/","title":{"rendered":"2da Marcha De La GORRA Tandil"},"content":{"rendered":"<p><span class=\"_4n-j _3cht fsl\" data-testid=\"event-permalink-details\"><img fetchpriority=\"high\" decoding=\"async\" class=\" wp-image-1936 alignleft\" src=\"https:\/\/marchadelagorra.org\/wp-content\/uploads\/2017\/10\/22687624_1930646070534861_4431192150138048871_n.jpg\" alt=\"22687624_1930646070534861_4431192150138048871_n\" width=\"232\" height=\"623\" \/><\/span><\/p>\n<p>El 4 de noviembre se desarrollar\u00e1 la Segunda <span class=\"_4n-j _3cht fsl\" data-testid=\"event-permalink-details\"><a href=\"https:\/\/www.facebook.com\/events\/240361993161176\/\" target=\"_blank\" rel=\"noopener\">Marcha de la Gorra en Tandi<\/a><\/span>. La concentraci\u00f3n est\u00e1 prevista para las 16 en Rodr\u00edguez y Avenida Espa\u00f1a. All\u00ed se conformar\u00e1 la columna para movilizarse hasta la Glorieta de la Plaza Independencia.<\/p>\n<p>La mencionada movilizaci\u00f3n es convocada y planificada por organizaciones sociales, pol\u00edticas, estudiantiles, centros de estudiantes universitarios, sindicatos, trabajadores y trabajadoras de prensa y todo espacio y personas autoconvocadas que tengan como agenda de trabajo y preocupaci\u00f3n la violencia institucional en j\u00f3venes de los sectores populares.<\/p>\n<p>La \u201cMarcha de la Gorra\u201d tiene sus inicios en la provincia de C\u00f3rdoba en la d\u00e9cada del \u00b490. Desde all\u00ed, se conformaron las primeras columnas en la Argentina para movilizar contra la represi\u00f3n del Estado, la brutalidad policial, el gatillo f\u00e1cil y la estigmatizaci\u00f3n a las y los j\u00f3venes de los barrios m\u00e1s postergados.<\/p>\n<p>Distintas provincias fueron incorporando la mencionada modalidad para reclamar contra el abuso del Estado hacia el colectivo juvenil y exigiendo mayores pol\u00edticas p\u00fablicas que promuevan los derechos de los ni\u00f1os, ni\u00f1as y adolescentes y, por sobre todo, contra las medidas punitivistas que lejos est\u00e1n de solucionar los conflictos en los cuales se ven involucrados las y los j\u00f3venes.<\/p>\n<p><strong>Spot<\/strong><\/p>\n<p><iframe src=\"https:\/\/www.ivoox.com\/player_ek_21800042_2_1.html?data=k5alkpWUeJOhhpywj5WUaZS1lpyah5yncZOhhpywj5WRaZi3jpWah5yncbTk0NmYr6mwi4zIwtPRy9GPcYarpJK6w9fHrMKfxcqYzsaPi9Dm08aah5yncZU.&amp;\" width=\"238\" height=\"48\" frameborder=\"0\" scrolling=\"no\" allowfullscreen=\"allowfullscreen\"><\/iframe><\/p>\n<p>En la Provincia de Buenos Aires la Marcha de la Gorra se desarrolla en La Plata, Mar del Plata, Pergamino, Bah\u00eda Blanca, Necochea y Tandil. Tambi\u00e9n se realiza en la Ciudad Aut\u00f3noma de Buenos Aires.<\/p>\n<p>Este a\u00f1o, la Marcha de la Gorra contar\u00e1 con talleres sobre violencia policial y estrategias de defensa en el territorio, violencia de g\u00e9nero y noviazgos violentos. A su vez se organizar\u00e1 una jornada de f\u00fatbol popular, radio abierta, bandas musicales y un comunicado elaborado por el Colectivo de la Marcha de la Gorra.<\/p>\n","protected":false},"excerpt":{"rendered":"<p>El 4 de noviembre se desarrollar\u00e1 la Segunda Marcha de la Gorra en Tandi. La concentraci\u00f3n est\u00e1 prevista para las 16 en Rodr\u00edguez y Avenida Espa\u00f1a. All\u00ed se conformar\u00e1 la columna para movilizarse hasta la Glorieta de la Plaza Independencia. La mencionada movilizaci\u00f3n es convocada y planificada por organizaciones sociales, pol\u00edticas, estudiantiles, centros de estudiantes&hellip; <br \/> <a class=\"button small blue\" href=\"https:\/\/marchadelagorra.org\/2024\/2da-marcha-de-la-gorra-tandil\/\">Leer m\u00e1s<\/a><\/p>\n","protected":false},"author":3,"featured_media":1939,"comment_status":"closed","ping_status":"closed","sticky":false,"template":"","format":"standard","meta":{"footnotes":""},"categories":[323,322,314,36],"tags":[],"class_list":["post-1935","post","type-post","status-publish","format-standard","has-post-thumbnail","hentry","category-aca-se-marcha","category-11-mdlg","category-actualidad","category-notas"],"aioseo_notices":[],"_links":{"self":[{"href":"https:\/\/marchadelagorra.org\/2024\/wp-json\/wp\/v2\/posts\/1935","targetHints":{"allow":["GET"]}}],"collection":[{"href":"https:\/\/marchadelagorra.org\/2024\/wp-json\/wp\/v2\/posts"}],"about":[{"href":"https:\/\/marchadelagorra.org\/2024\/wp-json\/wp\/v2\/types\/post"}],"author":[{"embeddable":true,"href":"https:\/\/marchadelagorra.org\/2024\/wp-json\/wp\/v2\/users\/3"}],"replies":[{"embeddable":true,"href":"https:\/\/marchadelagorra.org\/2024\/wp-json\/wp\/v2\/comments?post=1935"}],"version-history":[{"count":0,"href":"https:\/\/marchadelagorra.org\/2024\/wp-json\/wp\/v2\/posts\/1935\/revisions"}],"wp:featuredmedia":[{"embeddable":true,"href":"https:\/\/marchadelagorra.org\/2024\/wp-json\/"}],"wp:attachment":[{"href":"https:\/\/marchadelagorra.org\/2024\/wp-json\/wp\/v2\/media?parent=1935"}],"wp:term":[{"taxonomy":"category","embeddable":true,"href":"https:\/\/marchadelagorra.org\/2024\/wp-json\/wp\/v2\/categories?post=1935"},{"taxonomy":"post_tag","embeddable":true,"href":"https:\/\/marchadelagorra.org\/2024\/wp-json\/wp\/v2\/tags?post=1935"}],"curies":[{"name":"wp","href":"https:\/\/api.w.org\/{rel}","templated":true}]}}