{"id":1930,"date":"2017-10-23T19:44:20","date_gmt":"2017-10-23T19:44:20","guid":{"rendered":"https:\/\/marchadelagorra.org\/?p=1930"},"modified":"2017-10-23T19:44:20","modified_gmt":"2017-10-23T19:44:20","slug":"la-salida-es-colectiva","status":"publish","type":"post","link":"https:\/\/marchadelagorra.org\/2024\/la-salida-es-colectiva\/","title":{"rendered":"La Salida es Colectiva"},"content":{"rendered":"<p style=\"text-align: left;\">Se viene la 11.<img fetchpriority=\"high\" decoding=\"async\" class=\"aligncenter size-full wp-image-1931\" src=\"https:\/\/marchadelagorra.org\/wp-content\/uploads\/2017\/10\/WhatsApp-Image-2017-10-23-at-16.04.46.jpeg\" alt=\"WhatsApp Image 2017-10-23 at 16.04.46\" width=\"1240\" height=\"1240\" \/><br \/>\n11 a\u00f1os de Marcha de la Gorra y con la otra gorra que persigue.<br \/>\nSer\u00e1n 11 a\u00f1os consecutivos de ocupar la calle, de organizarnos, de construir un proceso dejando el cuerpo, perdiendo vidas, nombrando desapariciones para que est\u00e9n presentes, celebrando las sobrevivencias, construyendo relatos para que no vuelvan a suceder.<br \/>\nEstamos ac\u00e1, con m\u00e1s fuerza, sosteniendo, resistiendo, aunque quieran borrarnos la sonrisa. Creamos juntxs. Somos losotrxs, nosotrxs y lxs otrxs.<br \/>\n#Sevienela11 y tiene fecha: VIERNES 17\/11 a las 17hr en GRAL. PAZ y 9 DE JULIO.<br \/>\nSeamos por un d\u00eda lo que no podemos en todo el a\u00f1o. Celebremos que somos y estamos.<br \/>\n&#x1f525;<\/p>\n","protected":false},"excerpt":{"rendered":"<p>Se viene la 11. 11 a\u00f1os de Marcha de la Gorra y con la otra gorra que persigue. Ser\u00e1n 11 a\u00f1os consecutivos de ocupar la calle, de organizarnos, de construir un proceso dejando el cuerpo, perdiendo vidas, nombrando desapariciones para que est\u00e9n presentes, celebrando las sobrevivencias, construyendo relatos para que no vuelvan a suceder. Estamos&hellip; <br \/> <a class=\"button small blue\" href=\"https:\/\/marchadelagorra.org\/2024\/la-salida-es-colectiva\/\">Leer m\u00e1s<\/a><\/p>\n","protected":false},"author":3,"featured_media":1931,"comment_status":"closed","ping_status":"closed","sticky":false,"template":"","format":"standard","meta":{"footnotes":""},"categories":[322,314,35,36],"tags":[],"class_list":["post-1930","post","type-post","status-publish","format-standard","has-post-thumbnail","hentry","category-11-mdlg","category-actualidad","category-mdlg-2014","category-notas"],"aioseo_notices":[],"_links":{"self":[{"href":"https:\/\/marchadelagorra.org\/2024\/wp-json\/wp\/v2\/posts\/1930","targetHints":{"allow":["GET"]}}],"collection":[{"href":"https:\/\/marchadelagorra.org\/2024\/wp-json\/wp\/v2\/posts"}],"about":[{"href":"https:\/\/marchadelagorra.org\/2024\/wp-json\/wp\/v2\/types\/post"}],"author":[{"embeddable":true,"href":"https:\/\/marchadelagorra.org\/2024\/wp-json\/wp\/v2\/users\/3"}],"replies":[{"embeddable":true,"href":"https:\/\/marchadelagorra.org\/2024\/wp-json\/wp\/v2\/comments?post=1930"}],"version-history":[{"count":0,"href":"https:\/\/marchadelagorra.org\/2024\/wp-json\/wp\/v2\/posts\/1930\/revisions"}],"wp:featuredmedia":[{"embeddable":true,"href":"https:\/\/marchadelagorra.org\/2024\/wp-json\/"}],"wp:attachment":[{"href":"https:\/\/marchadelagorra.org\/2024\/wp-json\/wp\/v2\/media?parent=1930"}],"wp:term":[{"taxonomy":"category","embeddable":true,"href":"https:\/\/marchadelagorra.org\/2024\/wp-json\/wp\/v2\/categories?post=1930"},{"taxonomy":"post_tag","embeddable":true,"href":"https:\/\/marchadelagorra.org\/2024\/wp-json\/wp\/v2\/tags?post=1930"}],"curies":[{"name":"wp","href":"https:\/\/api.w.org\/{rel}","templated":true}]}}