{"id":1898,"date":"2014-11-19T01:12:49","date_gmt":"2014-11-19T01:12:49","guid":{"rendered":"https:\/\/marchadelagorra.org\/?p=520"},"modified":"2014-11-19T01:12:49","modified_gmt":"2014-11-19T01:12:49","slug":"conoce-tus-derechos-que-hacer-si-te-detienen","status":"publish","type":"post","link":"https:\/\/marchadelagorra.org\/2024\/conoce-tus-derechos-que-hacer-si-te-detienen\/","title":{"rendered":"Conoc\u00e9 tus Derechos: \u00bfQu\u00e9 hacer si te detienen?"},"content":{"rendered":"<p><img fetchpriority=\"high\" decoding=\"async\" class=\"aligncenter  wp-image-519\" src=\"https:\/\/marchadelagorra.org\/wp-content\/uploads\/2014\/11\/Estudio-de-Radio-1024x685.jpg\" alt=\"Estudio-de-Radio\" width=\"650\" height=\"435\" srcset=\"https:\/\/marchadelagorra.org\/2024\/wp-content\/uploads\/2014\/11\/Estudio-de-Radio-1024x685.jpg 1024w, https:\/\/marchadelagorra.org\/2024\/wp-content\/uploads\/2014\/11\/Estudio-de-Radio-300x200.jpg 300w\" sizes=\"(max-width: 650px) 100vw, 650px\" \/><\/p>\n<p>&nbsp;<\/p>\n<p>En el marco del <a title=\"Taller de Radio en el Aire\" href=\"http:\/\/tallerderadioenelaire.blogspot.com.ar\/\" target=\"_blank\" rel=\"noopener\">Taller de Radio En El Aire Taller II<\/a>, estudiantes de <strong>Comunicaci\u00f3n Social de la UNC<\/strong>, acercaron a la organizaci\u00f3n de la <strong>Marcha de la Gorra<\/strong> un audio para que los y las j\u00f3venes conozcan sus derechos ante una detenci\u00f3n.<br \/>\nEn este sentido, la <strong>V<\/strong><span id=\"descripcion_audio\"><strong>iolencia Institucional<\/strong> no es un problema individual, sino colectivo y es objeto de todos consolidar la movilizaci\u00f3n y organizaci\u00f3n popular, para generar debates sinceros y soluciones sobre estos temas. <\/span><\/p>\n<p>%MEDIA10%<\/p>\n","protected":false},"excerpt":{"rendered":"<p>&nbsp; En el marco del Taller de Radio En El Aire Taller II, estudiantes de Comunicaci\u00f3n Social de la UNC, acercaron a la organizaci\u00f3n de la Marcha de la Gorra un audio para que los y las j\u00f3venes conozcan sus derechos ante una detenci\u00f3n. En este sentido, la Violencia Institucional no es un problema individual,&hellip; <br \/> <a class=\"button small blue\" href=\"https:\/\/marchadelagorra.org\/2024\/conoce-tus-derechos-que-hacer-si-te-detienen\/\">Leer m\u00e1s<\/a><\/p>\n","protected":false},"author":3,"featured_media":521,"comment_status":"closed","ping_status":"closed","sticky":false,"template":"","format":"standard","meta":{"footnotes":""},"categories":[30,41],"tags":[111,34,112,113],"class_list":["post-1898","post","type-post","status-publish","format-standard","has-post-thumbnail","hentry","category-8-mdlg","category-audios","tag-comunicacion-social-de-la-unc","tag-marcha-de-la-gorra","tag-taller-de-radio-en-el-aire-taller-ii","tag-violencia-institucional"],"aioseo_notices":[],"_links":{"self":[{"href":"https:\/\/marchadelagorra.org\/2024\/wp-json\/wp\/v2\/posts\/1898","targetHints":{"allow":["GET"]}}],"collection":[{"href":"https:\/\/marchadelagorra.org\/2024\/wp-json\/wp\/v2\/posts"}],"about":[{"href":"https:\/\/marchadelagorra.org\/2024\/wp-json\/wp\/v2\/types\/post"}],"author":[{"embeddable":true,"href":"https:\/\/marchadelagorra.org\/2024\/wp-json\/wp\/v2\/users\/3"}],"replies":[{"embeddable":true,"href":"https:\/\/marchadelagorra.org\/2024\/wp-json\/wp\/v2\/comments?post=1898"}],"version-history":[{"count":0,"href":"https:\/\/marchadelagorra.org\/2024\/wp-json\/wp\/v2\/posts\/1898\/revisions"}],"wp:featuredmedia":[{"embeddable":true,"href":"https:\/\/marchadelagorra.org\/2024\/wp-json\/"}],"wp:attachment":[{"href":"https:\/\/marchadelagorra.org\/2024\/wp-json\/wp\/v2\/media?parent=1898"}],"wp:term":[{"taxonomy":"category","embeddable":true,"href":"https:\/\/marchadelagorra.org\/2024\/wp-json\/wp\/v2\/categories?post=1898"},{"taxonomy":"post_tag","embeddable":true,"href":"https:\/\/marchadelagorra.org\/2024\/wp-json\/wp\/v2\/tags?post=1898"}],"curies":[{"name":"wp","href":"https:\/\/api.w.org\/{rel}","templated":true}]}}