{"id":1897,"date":"2014-11-19T00:06:05","date_gmt":"2014-11-19T00:06:05","guid":{"rendered":"https:\/\/marchadelagorra.org\/?p=511"},"modified":"2014-11-19T00:06:05","modified_gmt":"2014-11-19T00:06:05","slug":"buenos-aires-muestra-justicia-por-guere","status":"publish","type":"post","link":"https:\/\/marchadelagorra.org\/2024\/buenos-aires-muestra-justicia-por-guere\/","title":{"rendered":"Buenos Aires: Muestra \u00abJusticia por G\u00fcere\u00bb"},"content":{"rendered":"<p><img fetchpriority=\"high\" decoding=\"async\" class=\"aligncenter  wp-image-512\" src=\"https:\/\/marchadelagorra.org\/wp-content\/uploads\/2014\/11\/MAFIA-habitat.jpg\" alt=\"MAFIA-habitat\" width=\"555\" height=\"704\" \/><\/p>\n<p>Hasta mediados de diciembre se puede visitar &#8216;H\u00e1bitat&#8217;, muestra del movimiento fotogr\u00e1fico\u00a0 <a title=\"MAFIA\" href=\"https:\/\/www.facebook.com\/holamafia\" target=\"_blank\" rel=\"noopener\">M.A.F.I.A.<\/a> donde se expone el trabajo del Colectivo de J\u00f3venes por Nuestros Derechos denominado \u00abJusticia por G\u00fcere\u00bb. Adem\u00e1s se exponen una selecci\u00f3n de trabajos realizados en los \u00faltimos 2 a\u00f1os del Movimiento. La muestra se puede ver en\u00a0 Tea (Lavalle 2083).<\/p>\n<h3><strong>Justicia por G\u00fcere<\/strong><\/h3>\n<p>En la madrugada del s\u00e1bado dos chicos del barrio <strong>Los Cortaderos<\/strong>, en C\u00f3rdoba, se trasladaban en moto a comprar una coca para el fernet mientras sus amigos los esperaban para seguir viendo el partido de Talleres. En el camino, se cruzaron con un patrullero policial. Minutos despu\u00e9s <strong>Alberto Fernando Pellico<\/strong>, el G\u00fcere, de 18 a\u00f1os, recibi\u00f3 un balazo en la cabeza y Maximiliano Peralta, de 21, otro en la pierna. El G\u00fcere muri\u00f3 y Maxi se salv\u00f3 luego de ser detenido herido durante varias horas. Otro gatillo f\u00e1cil.<br \/>\nLxs vecinxs del barrio se\u00f1alan como responsables al polic\u00eda Lucas Ch\u00e1vez y al Sargento Rub\u00e9n Leyva. El primero est\u00e1 imputado por \u201chomicidio agravado por el uso de arma de fuego y lesiones leves agravadas\u201d y ya tiene una imputaci\u00f3n anterior por otro homicidio cometido a finales del a\u00f1o 2012. El segundo no tiene aun ning\u00fan cargo en su contra y seg\u00fan lxs vecinxs, tambi\u00e9n ha matado a otros j\u00f3venes del barrio.<br \/>\nEn lo que va del a\u00f1o, hay un promedio de un fusilamiento por mes por la polic\u00eda cordobesa.<\/p>\n<p><strong>CC BY-NC-ND 3.0 &#8211; M.A.\u0192.I.A.<\/strong><br \/>\nEsta licencia permite que otros puedan descargar las obras y compartirlas con otras personas, siempre y cuando se reconozca su autor\u00eda, pero no se pueden modificar ni se pueden utilizar comercialmente.<\/p>\n<p>%MEDIA9%<\/p>\n","protected":false},"excerpt":{"rendered":"<p>Hasta mediados de diciembre se puede visitar &#8216;H\u00e1bitat&#8217;, muestra del movimiento fotogr\u00e1fico\u00a0 M.A.F.I.A. donde se expone el trabajo del Colectivo de J\u00f3venes por Nuestros Derechos denominado \u00abJusticia por G\u00fcere\u00bb. Adem\u00e1s se exponen una selecci\u00f3n de trabajos realizados en los \u00faltimos 2 a\u00f1os del Movimiento. La muestra se puede ver en\u00a0 Tea (Lavalle 2083). Justicia por&hellip; <br \/> <a class=\"button small blue\" href=\"https:\/\/marchadelagorra.org\/2024\/buenos-aires-muestra-justicia-por-guere\/\">Leer m\u00e1s<\/a><\/p>\n","protected":false},"author":3,"featured_media":514,"comment_status":"closed","ping_status":"closed","sticky":false,"template":"","format":"standard","meta":{"footnotes":""},"categories":[30,104],"tags":[103,105,106,107,108,109,110],"class_list":["post-1897","post","type-post","status-publish","format-standard","has-post-thumbnail","hentry","category-8-mdlg","category-fotos","tag-alberto-fernando-pellico","tag-gatillo-facil","tag-habitat","tag-justicia-por-guere","tag-los-cortaderos","tag-m-a-f-i-a","tag-policia-cordobesa"],"aioseo_notices":[],"_links":{"self":[{"href":"https:\/\/marchadelagorra.org\/2024\/wp-json\/wp\/v2\/posts\/1897","targetHints":{"allow":["GET"]}}],"collection":[{"href":"https:\/\/marchadelagorra.org\/2024\/wp-json\/wp\/v2\/posts"}],"about":[{"href":"https:\/\/marchadelagorra.org\/2024\/wp-json\/wp\/v2\/types\/post"}],"author":[{"embeddable":true,"href":"https:\/\/marchadelagorra.org\/2024\/wp-json\/wp\/v2\/users\/3"}],"replies":[{"embeddable":true,"href":"https:\/\/marchadelagorra.org\/2024\/wp-json\/wp\/v2\/comments?post=1897"}],"version-history":[{"count":0,"href":"https:\/\/marchadelagorra.org\/2024\/wp-json\/wp\/v2\/posts\/1897\/revisions"}],"wp:featuredmedia":[{"embeddable":true,"href":"https:\/\/marchadelagorra.org\/2024\/wp-json\/wp\/v2\/menu-items\/514"}],"wp:attachment":[{"href":"https:\/\/marchadelagorra.org\/2024\/wp-json\/wp\/v2\/media?parent=1897"}],"wp:term":[{"taxonomy":"category","embeddable":true,"href":"https:\/\/marchadelagorra.org\/2024\/wp-json\/wp\/v2\/categories?post=1897"},{"taxonomy":"post_tag","embeddable":true,"href":"https:\/\/marchadelagorra.org\/2024\/wp-json\/wp\/v2\/tags?post=1897"}],"curies":[{"name":"wp","href":"https:\/\/api.w.org\/{rel}","templated":true}]}}