{"id":1883,"date":"2016-11-17T19:43:37","date_gmt":"2016-11-17T19:43:37","guid":{"rendered":"https:\/\/marchadelagorra.org\/?p=1883"},"modified":"2016-11-17T19:43:37","modified_gmt":"2016-11-17T19:43:37","slug":"violencia-del-estado-y-el-estado-como-institucionalizacion-de-la-violencia","status":"publish","type":"post","link":"https:\/\/marchadelagorra.org\/2024\/violencia-del-estado-y-el-estado-como-institucionalizacion-de-la-violencia\/","title":{"rendered":"Violencia del Estado y el Estado como institucionalizaci\u00f3n de la violencia"},"content":{"rendered":"<p class=\"western\">En muy pocos meses, el gobierno de Mauricio Macri consigui\u00f3 hacer realidad viejas pretensiones de las clases dominantes en materia represiva: promulg\u00f3 un pretencioso \u201cprotocolo antipiquetes\u201d con el cual se pretende regular la protesta social; logr\u00f3 hacer aprobar la creaci\u00f3n de figuras como el \u201cagente infiltrado\u201d para completar el espionaje a organizaciones sociales y pol\u00edticas; emprende una reforma en la reglamentaci\u00f3n de la ley migratoria desde una perspectiva restrictiva, persecutoria y xen\u00f3foba.<\/p>\n<p class=\"western\">Digo viejas pretensiones porque las tres medidas aludidas ya fueron propuestas sin \u00e9xito por todos los proyectos pol\u00edticos que gobernaron el pais desde los a\u00f1os 90, no son una novedad del neoconservadurismo que asumi\u00f3 la presidencia en diciembre de 2015.<\/p>\n<p class=\"western\">En este marco de expl\u00edcita ofensiva en contra de los sectores populares, es primordial rescatar conceptos fundantes de la lucha por los Derechos Humanos que en nuestro pa\u00eds tiene una larga tradici\u00f3n, siempre vinculada a los avatares de la lucha popular.<\/p>\n<p class=\"western\">Una cuesti\u00f3n b\u00e1sica es entender en qu\u00e9 lugar se ubica el Estado en la lucha por los derechos Humanos, sobre todo en lo que hace al cumplimiento y garant\u00edas de derechos pol\u00edticos y derechos b\u00e1sicos como la vida y la libertad.<\/p>\n<p class=\"western\">La lucha por los DD HH se plantea desde su origen como una lucha por poner l\u00edmites al poder omn\u00edmodo del Estado, que plantea como su eje fundante el monopolio de la violencia y de la aplicaci\u00f3n de las leyes. Por eso la tarea de los luchadores por los derechos humanos es entender la vulnerabilidad del ciudadano de a pie frente al aparato de Estado, advertir sobre la posibilidad (y facticidad) del abuso del derecho y de la fuerza. En este sentido se entiende que el poder del Estado es una amenaza real para los ciudadanos.<\/p>\n<p class=\"western\">Diversas doctrinas advirtieron sobre la necesidad de esa limitaci\u00f3n de poder. Sin embargo, en este contexto mundial marcado por la decadencia capitalista que aumenta su car\u00e1cter voraz, depredador, de saqueo, de guerra, los ciudadanos se enfrentan a un Estado cada vez mas prepotente que pretende que no haya limitaciones a sus expresiones de fuerza. La vulnerabilidad de los particulares frente al Estado aumenta, con la justificaci\u00f3n de la \u201cnecesidad\u201d del orden p\u00fablico de combatir a los m\u00e1s diversas expresiones \u201cenemigas\u201d.<\/p>\n<p class=\"western\">Hay que poner de relieve que el Estado es un aparato pol\u00edtico que expresa las relaciones sociales en una sociedad de clases, y que nunca la hegemon\u00eda del Estado puede construirse sin la generaci\u00f3n de un consenso social que si bien nunca ser\u00e1 completo, es necesario que sea expl\u00edcita y organizadamente desmontado para resistir a los planes de dominaci\u00f3n.<\/p>\n<p class=\"western\">Para construir un consenso social que legitime la aplicaci\u00f3n de la represi\u00f3n es central la generaci\u00f3n de discursos acerca de la existencia de enemigos internos, ya sean organizaciones, colectivos, tipos sociales que constituyen una amenaza para el resto de la sociedad, de la cual el Estado asume la defensa. El estado de amenaza y la generaci\u00f3n de miedo es lo que hace posible que sectores sociales desamparados consientan la salida represiva de la cual ser\u00e1n parad\u00f3jicamente sus primeras v\u00edctimas.<\/p>\n<p class=\"western\">Hoy en d\u00eda vivimos bombardeados desde los medios de comunicaci\u00f3n, las redes sociales, el discurso pol\u00edtico que hacen carne en la poblaci\u00f3n ese estado de amenaza permanente en el cual nos llevan a desconfiar de nuestros pares, de los pobres, de los morochos, de los vecinos, de los migrantes, de los del otro barrio.<\/p>\n<p class=\"western\">El Estado, las instituciones y los sectores pol\u00edticos m\u00e1s conservadores fogonean la campa\u00f1a del miedo y ofrecen como soluci\u00f3n la intervenci\u00f3n salvadora de la represi\u00f3n estatal, el mayor control, mayor punibilidad, aumento de las penas, m\u00e1s c\u00e1rceles, servicio militar obligatorio y etc.<\/p>\n<p class=\"western\">En todos los casos el Estado omite su papel principal en la instalaci\u00f3n de la violencia en el cuerpo social y legitima a instituciones hist\u00f3ricamente violentas y abusivas como el sistema carcelario, la polic\u00eda y la Justicia que se alimentan de la sangre de los pobres.<\/p>\n<p class=\"western\">De ahi la necesidad de los sectores populares de rescatar otro de los conceptos fundantes de la lucha por los Derechos Humanos: la autonom\u00eda frente al Estado. Este principio hist\u00f3rico ha sido cuestionado en la \u00faltima d\u00e9cada inclusive por organismos de larga tradici\u00f3n de independencia hacia lo estatal. El campo popular paga muy caro esa defecci\u00f3n y la cooptaci\u00f3n de algunos organismos no ha resultado en m\u00e1s derechos o menos represi\u00f3n. Si tuvo el efecto de borrar la responsabilidad del Estado ante la represi\u00f3n y dejar en el desamparo a amplios sectores ante la represi\u00f3n actual.<\/p>\n<p class=\"western\">En este marco es muy importante saludar a los 10 a\u00f1os de realizaci\u00f3n continua de Marcha de la Gorra, como expresi\u00f3n de un espacio que se atrevi\u00f3 a reivindicar a los sectores m\u00e1s estigmatizados de la sociedad actual, a cuestionar las pol\u00edticas represivas a las que sirve la estigmatizaci\u00f3n de esos sectores, a llamar a muchos m\u00e1s a organizarse y a movilizar.<\/p>\n<p class=\"western\">Por: Cecilia Rodriguez \/<\/p>\n","protected":false},"excerpt":{"rendered":"<p>En muy pocos meses, el gobierno de Mauricio Macri consigui\u00f3 hacer realidad viejas pretensiones de las clases dominantes en materia represiva: promulg\u00f3 un pretencioso \u201cprotocolo antipiquetes\u201d con el cual se pretende regular la protesta social; logr\u00f3 hacer aprobar la creaci\u00f3n de figuras como el \u201cagente infiltrado\u201d para completar el espionaje a organizaciones sociales y pol\u00edticas;&hellip; <br \/> <a class=\"button small blue\" href=\"https:\/\/marchadelagorra.org\/2024\/violencia-del-estado-y-el-estado-como-institucionalizacion-de-la-violencia\/\">Leer m\u00e1s<\/a><\/p>\n","protected":false},"author":3,"featured_media":1885,"comment_status":"closed","ping_status":"closed","sticky":false,"template":"","format":"standard","meta":{"footnotes":""},"categories":[320],"tags":[],"class_list":["post-1883","post","type-post","status-publish","format-standard","has-post-thumbnail","hentry","category-10-mdlg"],"aioseo_notices":[],"_links":{"self":[{"href":"https:\/\/marchadelagorra.org\/2024\/wp-json\/wp\/v2\/posts\/1883","targetHints":{"allow":["GET"]}}],"collection":[{"href":"https:\/\/marchadelagorra.org\/2024\/wp-json\/wp\/v2\/posts"}],"about":[{"href":"https:\/\/marchadelagorra.org\/2024\/wp-json\/wp\/v2\/types\/post"}],"author":[{"embeddable":true,"href":"https:\/\/marchadelagorra.org\/2024\/wp-json\/wp\/v2\/users\/3"}],"replies":[{"embeddable":true,"href":"https:\/\/marchadelagorra.org\/2024\/wp-json\/wp\/v2\/comments?post=1883"}],"version-history":[{"count":0,"href":"https:\/\/marchadelagorra.org\/2024\/wp-json\/wp\/v2\/posts\/1883\/revisions"}],"wp:featuredmedia":[{"embeddable":true,"href":"https:\/\/marchadelagorra.org\/2024\/wp-json\/"}],"wp:attachment":[{"href":"https:\/\/marchadelagorra.org\/2024\/wp-json\/wp\/v2\/media?parent=1883"}],"wp:term":[{"taxonomy":"category","embeddable":true,"href":"https:\/\/marchadelagorra.org\/2024\/wp-json\/wp\/v2\/categories?post=1883"},{"taxonomy":"post_tag","embeddable":true,"href":"https:\/\/marchadelagorra.org\/2024\/wp-json\/wp\/v2\/tags?post=1883"}],"curies":[{"name":"wp","href":"https:\/\/api.w.org\/{rel}","templated":true}]}}