{"id":1857,"date":"2016-11-15T17:51:10","date_gmt":"2016-11-15T17:51:10","guid":{"rendered":"https:\/\/marchadelagorra.org\/?p=1857"},"modified":"2016-11-15T17:51:10","modified_gmt":"2016-11-15T17:51:10","slug":"de-orgullo-y-otras-luchas","status":"publish","type":"post","link":"https:\/\/marchadelagorra.org\/2024\/de-orgullo-y-otras-luchas\/","title":{"rendered":"De orgullo y otras luchas"},"content":{"rendered":"<p><span style=\"font-weight: 400;\">Hace calor, en toda la semana el sol no dio tregua y a pesar que hay nubes que amagan a llover sigue habiendo unos cuantos grados.El parque est\u00e1 lleno como cada fin de semana, los puestos de la feria ocupan casi todos los espacios, salvo por una peque\u00f1a multitud ubicada en la intersecci\u00f3n que deriva en el puente General Paz.<\/span><\/p>\n<p><span style=\"font-weight: 400;\"><a href=\"https:\/\/marchadelagorra.org\/wp-content\/uploads\/2016\/11\/4.jpg\" rel=\"attachment wp-att-1859\"><img fetchpriority=\"high\" decoding=\"async\" class=\"wp-image-1859 aligncenter\" src=\"https:\/\/marchadelagorra.org\/wp-content\/uploads\/2016\/11\/4-300x200.jpg\" alt=\"4\" width=\"716\" height=\"477\" \/><\/a><\/span><\/p>\n<p><span style=\"font-weight: 400;\">A medida que me acerco veo un nutrido grupo de rostros pintados y siento los primeros \u201cescandalosos\u00a0 \u201d c\u00e1nticos que signar\u00e1n la tarde. En ese picnic del parque las Heras se gestaba, \u00a0la octava marcha del orgullo y la diversidad.<\/span><\/p>\n<p><span style=\"font-weight: 400;\">Se preparan gritos de liberaci\u00f3n, se ven sonrisas y mucho orgullo de ser lesbiana, gay, transexual, travesti, queers, intersexual. Todxs desobedientes a la ancestral cultura heteronormativa, atrevidxs y leg\u00edtimxs conquistadorxs de lugares ocupados y a\u00fan no reconocidos.<\/span><\/p>\n<p><span style=\"font-weight: 400;\"><a href=\"https:\/\/marchadelagorra.org\/wp-content\/uploads\/2016\/11\/13.jpg\" rel=\"attachment wp-att-1860\"><img decoding=\"async\" class=\" wp-image-1860 aligncenter\" src=\"https:\/\/marchadelagorra.org\/wp-content\/uploads\/2016\/11\/13-300x200.jpg\" alt=\"13\" width=\"641\" height=\"428\" \/><\/a><br \/>\n<\/span><span style=\"font-weight: 400;\">Pasados algunos minutos de las seis, la m\u00fasica se cuela por cada rinc\u00f3n de esa esquina. De bombos, de altoparlantes, de voces, todxs festejamos y nos revelamos contentxs desafiantes ante la mirada conservadora de alg\u00fanx transe\u00fantx.<\/span><\/p>\n<p><span style=\"font-weight: 400;\">Pancartas que exigen, disfraces que lucen, plumas, espuma loca, colores vivos, todo forma parte de la escena de un noviembre orgulloso. Un noviembre que por octava vez ti\u00f1e las calles con alegr\u00eda y celebraci\u00f3n, pero tambi\u00e9n de reclamos y posicionamientos irrenunciables.<\/span><\/p>\n<p><span style=\"font-weight: 400;\"><a href=\"https:\/\/marchadelagorra.org\/wp-content\/uploads\/2016\/11\/24.jpg\" rel=\"attachment wp-att-1862\"><img decoding=\"async\" class=\" wp-image-1862 aligncenter\" src=\"https:\/\/marchadelagorra.org\/wp-content\/uploads\/2016\/11\/24-300x200.jpg\" alt=\"24\" width=\"703\" height=\"468\" \/><\/a><\/span><\/p>\n<p><span style=\"font-weight: 400;\">Las autoridades depusieron los cerrojos de las calles. Siempre ser\u00e1n nuestras. A medida que avanzamos se desbanda la fiesta multicolor. No alcanza la vista para apreciar el largo de la columna que atraviesa el parque, el puente y el centro de la ciudad.<\/span><\/p>\n<p><span style=\"font-weight: 400;\">Salimos juntxs para honrar a\u00f1os de lucha, para exigir justicia por las v\u00edctimas de este estado represor, nos besamos y desnudamos contra las fobias y los prejuicios, para festejar que la disidencia no es delito. Hombro con hombro, ocupamos las 12 cuadras que nos separaban de la plaza, atravesamos la ciudad abrazadxs, tomados de la mano, bailando hasta alcanzar el escenario que se\u00f1alaba el final del recorrido.<\/span><span style=\"font-weight: 400;\"><br \/>\n<\/span><span style=\"font-weight: 400;\"><br \/>\n<\/span><span style=\"font-weight: 400;\">Desafiamos las iglesias e instituciones gubernamentales y terminamos donde el conservadurismo disputa todo el tiempo el espacio, con un progresismo innegable e incipiente que se traduce en miles de personas que hacen propia la Av. V\u00e9lez Sarsfield y la plaza Agust\u00edn Tosco.<\/span><\/p>\n<p><span style=\"font-weight: 400;\">El documento que estampa el final de la jornada o tal vez la previa a una gran fiesta que se alargar\u00e1 toda la noche, recuerda todos esos derechos que faltan por conquistar, aquellos que nos niegan, que se traducen en las muertes de nuestrxs compa\u00f1erxs. La estigmatizaci\u00f3n, en el c\u00f3digo de faltas devenido en c\u00f3digo de convivencia, en la soberbia del Estado que una vez m\u00e1s no puede ignorar que el colectivo LGBTTTIQ (Lesbianas, Gays, Bisexuales, Travestis, Transexuales, Transg\u00e9neros, Intersexuales y Queers) tom\u00f3 una vez m\u00e1s las calles. Esas calles que se fusionaron de igualdad y orgullo.<\/span><span style=\"font-weight: 400;\"><br \/>\n<\/span><span style=\"font-weight: 400;\"><br \/>\n<\/span><span style=\"font-weight: 400;\">\u00bfCu\u00e1nto m\u00e1s? \u00a0El Estado es responsable.<\/span><\/p>\n<p><span style=\"font-weight: 400;\"><a href=\"https:\/\/marchadelagorra.org\/wp-content\/uploads\/2016\/11\/14.jpg\" rel=\"attachment wp-att-1861\"><img loading=\"lazy\" decoding=\"async\" class=\" wp-image-1861 aligncenter\" src=\"https:\/\/marchadelagorra.org\/wp-content\/uploads\/2016\/11\/14-300x200.jpg\" alt=\"14\" width=\"697\" height=\"464\" \/><\/a><\/span><\/p>\n","protected":false},"excerpt":{"rendered":"<p>Hace calor, en toda la semana el sol no dio tregua y a pesar que hay nubes que amagan a llover sigue habiendo unos cuantos grados.El parque est\u00e1 lleno como cada fin de semana, los puestos de la feria ocupan casi todos los espacios, salvo por una peque\u00f1a multitud ubicada en la intersecci\u00f3n que deriva&hellip; <br \/> <a class=\"button small blue\" href=\"https:\/\/marchadelagorra.org\/2024\/de-orgullo-y-otras-luchas\/\">Leer m\u00e1s<\/a><\/p>\n","protected":false},"author":4,"featured_media":1859,"comment_status":"closed","ping_status":"closed","sticky":false,"template":"","format":"standard","meta":{"footnotes":""},"categories":[320,314,35,36],"tags":[321],"class_list":["post-1857","post","type-post","status-publish","format-standard","has-post-thumbnail","hentry","category-10-mdlg","category-actualidad","category-mdlg-2014","category-notas","tag-10mdlg-marchadelagorra-elestadoesresponsable"],"aioseo_notices":[],"_links":{"self":[{"href":"https:\/\/marchadelagorra.org\/2024\/wp-json\/wp\/v2\/posts\/1857","targetHints":{"allow":["GET"]}}],"collection":[{"href":"https:\/\/marchadelagorra.org\/2024\/wp-json\/wp\/v2\/posts"}],"about":[{"href":"https:\/\/marchadelagorra.org\/2024\/wp-json\/wp\/v2\/types\/post"}],"author":[{"embeddable":true,"href":"https:\/\/marchadelagorra.org\/2024\/wp-json\/wp\/v2\/users\/4"}],"replies":[{"embeddable":true,"href":"https:\/\/marchadelagorra.org\/2024\/wp-json\/wp\/v2\/comments?post=1857"}],"version-history":[{"count":0,"href":"https:\/\/marchadelagorra.org\/2024\/wp-json\/wp\/v2\/posts\/1857\/revisions"}],"wp:featuredmedia":[{"embeddable":true,"href":"https:\/\/marchadelagorra.org\/2024\/wp-json\/"}],"wp:attachment":[{"href":"https:\/\/marchadelagorra.org\/2024\/wp-json\/wp\/v2\/media?parent=1857"}],"wp:term":[{"taxonomy":"category","embeddable":true,"href":"https:\/\/marchadelagorra.org\/2024\/wp-json\/wp\/v2\/categories?post=1857"},{"taxonomy":"post_tag","embeddable":true,"href":"https:\/\/marchadelagorra.org\/2024\/wp-json\/wp\/v2\/tags?post=1857"}],"curies":[{"name":"wp","href":"https:\/\/api.w.org\/{rel}","templated":true}]}}