{"id":1796,"date":"2016-11-08T14:55:05","date_gmt":"2016-11-08T14:55:05","guid":{"rendered":"https:\/\/marchadelagorra.org\/?p=1796"},"modified":"2016-11-08T14:55:05","modified_gmt":"2016-11-08T14:55:05","slug":"relatosrabiosxs-amenazandome","status":"publish","type":"post","link":"https:\/\/marchadelagorra.org\/2024\/relatosrabiosxs-amenazandome\/","title":{"rendered":"#RelatosRabiosxs \/ Amenaz\u00e1ndome"},"content":{"rendered":"<div class=\"text_exposed_show\">\n<p><span id=\"fbPhotoSnowliftCaption\" class=\"fbPhotosPhotoCaption\" tabindex=\"0\" data-ft=\"{&quot;tn&quot;:&quot;K&quot;}\"><span class=\"hasCaption\">Yo soy Brenda, tengo 17 a\u00f1os y estoy en Promotores de Salud de Villa Allende. <span class=\"text_exposed_show\"><br \/>\nMe pas\u00f3 que cuando ten\u00eda 15 a\u00f1os, un m\u00f3vil de la polic\u00eda me fren\u00f3 y me pregunt\u00f3 de qu\u00e9 barrio era y yo le dije de Las Polinesias, de un barrio de ac\u00e1 de Villa Allende y me dijo como amenaz\u00e1ndome que cuando salga del barrio tenga cuidado, amenaz\u00e1ndome para llevarme digamos. Y era un cana, hombre, polic\u00eda digamos, no tendr\u00eda por qu\u00e9 haberme dicho eso ni nada. Solo porque\u2026 vest\u00eda, no s\u00e9, como una gente normal de barrio.<br \/>\nTienen que ir a la <a class=\"_58cn\" href=\"https:\/\/www.facebook.com\/hashtag\/marchadelagorra\" data-ft=\"{&quot;tn&quot;:&quot;*N&quot;,&quot;type&quot;:104}\">#MarchaDeLaGorra<\/a> para que no pase m\u00e1s esto.<\/span><\/span><\/span><\/p>\n<p><a class=\"_58cn\" href=\"https:\/\/www.facebook.com\/hashtag\/10mdlg?source=feed_text&amp;story_id=1357393597638443\" data-ft=\"{&quot;tn&quot;:&quot;*N&quot;,&quot;type&quot;:104}\"><span class=\"_5afx\"><span class=\"_58cl _5afz\">#<\/span><span class=\"_58cm\">10MDLG<\/span><\/span><\/a> \u00a1\u00bfCu\u00e1nto m\u00e1s?! El estado es responsable.<\/p>\n<hr \/>\n<p><a class=\"_58cn\" href=\"https:\/\/www.facebook.com\/hashtag\/relatosrabiosxs?source=feed_text&amp;story_id=1357393597638443\" data-ft=\"{&quot;tn&quot;:&quot;*N&quot;,&quot;type&quot;:104}\"><span class=\"_5afx\"><span class=\"_58cl _5afz\">#<\/span><span class=\"_58cm\">RelatosRabiosxs<\/span><\/span><\/a><br \/>\nNo somos n\u00fameros, ni fr\u00edas estad\u00edsticas. Somos personas de distintas edades, procedencias, ocupaciones, gustos, placeres. Tenemos historias para contar y motivos para marchar.<br \/>\nVos tambi\u00e9n nos pod\u00e9s contar la tuya, enviando por privado tu relato rabiosx, con o sin foto.<\/p>\n<\/div>\n","protected":false},"excerpt":{"rendered":"<p>Yo soy Brenda, tengo 17 a\u00f1os y estoy en Promotores de Salud de Villa Allende. Me pas\u00f3 que cuando ten\u00eda 15 a\u00f1os, un m\u00f3vil de la polic\u00eda me fren\u00f3 y me pregunt\u00f3 de qu\u00e9 barrio era y yo le dije de Las Polinesias, de un barrio de ac\u00e1 de Villa Allende y me dijo como&hellip; <br \/> <a class=\"button small blue\" href=\"https:\/\/marchadelagorra.org\/2024\/relatosrabiosxs-amenazandome\/\">Leer m\u00e1s<\/a><\/p>\n","protected":false},"author":4,"featured_media":1797,"comment_status":"closed","ping_status":"closed","sticky":false,"template":"","format":"standard","meta":{"footnotes":""},"categories":[320,36],"tags":[317,318,319],"class_list":["post-1796","post","type-post","status-publish","format-standard","has-post-thumbnail","hentry","category-10-mdlg","category-notas","tag-10mdlg","tag-elestadoesresponsable","tag-marchadelagorra"],"aioseo_notices":[],"_links":{"self":[{"href":"https:\/\/marchadelagorra.org\/2024\/wp-json\/wp\/v2\/posts\/1796","targetHints":{"allow":["GET"]}}],"collection":[{"href":"https:\/\/marchadelagorra.org\/2024\/wp-json\/wp\/v2\/posts"}],"about":[{"href":"https:\/\/marchadelagorra.org\/2024\/wp-json\/wp\/v2\/types\/post"}],"author":[{"embeddable":true,"href":"https:\/\/marchadelagorra.org\/2024\/wp-json\/wp\/v2\/users\/4"}],"replies":[{"embeddable":true,"href":"https:\/\/marchadelagorra.org\/2024\/wp-json\/wp\/v2\/comments?post=1796"}],"version-history":[{"count":0,"href":"https:\/\/marchadelagorra.org\/2024\/wp-json\/wp\/v2\/posts\/1796\/revisions"}],"wp:featuredmedia":[{"embeddable":true,"href":"https:\/\/marchadelagorra.org\/2024\/wp-json\/"}],"wp:attachment":[{"href":"https:\/\/marchadelagorra.org\/2024\/wp-json\/wp\/v2\/media?parent=1796"}],"wp:term":[{"taxonomy":"category","embeddable":true,"href":"https:\/\/marchadelagorra.org\/2024\/wp-json\/wp\/v2\/categories?post=1796"},{"taxonomy":"post_tag","embeddable":true,"href":"https:\/\/marchadelagorra.org\/2024\/wp-json\/wp\/v2\/tags?post=1796"}],"curies":[{"name":"wp","href":"https:\/\/api.w.org\/{rel}","templated":true}]}}