{"id":1793,"date":"2016-11-10T14:51:26","date_gmt":"2016-11-10T14:51:26","guid":{"rendered":"https:\/\/marchadelagorra.org\/?p=1793"},"modified":"2016-11-10T14:51:26","modified_gmt":"2016-11-10T14:51:26","slug":"relatosrabiosxs-la-policia-sigue-deteniendo-a-pibes-sin-ningun-motivo","status":"publish","type":"post","link":"https:\/\/marchadelagorra.org\/2024\/relatosrabiosxs-la-policia-sigue-deteniendo-a-pibes-sin-ningun-motivo\/","title":{"rendered":"#RelatosRabiosxs \/ La polic\u00eda sigue deteniendo a pibes sin ning\u00fan motivo"},"content":{"rendered":"<p><span class=\"text_exposed_show\">Por Julio P.<\/span><\/p>\n<p><span class=\"text_exposed_show\">Nac\u00ed y me cri\u00e9 en el Barrio Yapey\u00fa junto a mi familia. Trabajo desde hace varios a\u00f1os en distintos lugares y soy comunicador de la revista La Garganta Poderosa, brazo literario de la organizaci\u00f3n social La Poderosa.<br \/>\n<\/span><\/p>\n<p><span class=\"text_exposed_show\"> Luego de maquillar el c\u00f3digo de faltas cambi\u00e1ndole el nombre a c\u00f3digo de convivencia, la polic\u00eda sigue deteniendo a los pibes y pibas de nuestros barrios sin ning\u00fan motivo. A m\u00ed en mayo del 2015 me detuvieron en la puerta de mi casa mientras esperaba un taxi para ir a trabajar, estuve 8 horas detenido por \u201cdisturbio en la v\u00eda p\u00fablica\u201d, s\u00ed, en la puerta de mi casa. Este accionar de la polic\u00eda cordobesa, en complicidad con el estado y los medios hegem\u00f3nicos de comunicaci\u00f3n, tiene que terminar.<br \/>\n<\/span><\/p>\n<p><span class=\"text_exposed_show\">Mi caso, al igual que el de otrxs pibxs, fue presentado en un Habeas Corpus preventivo y colectivo que oblig\u00f3 a un juez de control analizarlo para frenar las detenciones arbitrarias por parte de la polic\u00eda. Pero todav\u00eda falta mucho y no vamos a aflojar, el 18 de noviembre a la d\u00e9cima <a class=\"_58cn\" href=\"https:\/\/www.facebook.com\/hashtag\/marchadelagorra?source=feed_text&amp;story_id=1357393597638443\" data-ft=\"{&quot;tn&quot;:&quot;*N&quot;,&quot;type&quot;:104}\"><span class=\"_5afx\"><span class=\"_58cl _5afz\">#<\/span><span class=\"_58cm\">MarchaDeLaGorra<\/span><\/span><\/a> vamos todos.<\/span><\/p>\n<div class=\"text_exposed_show\">\n<p><a class=\"_58cn\" href=\"https:\/\/www.facebook.com\/hashtag\/10mdlg?source=feed_text&amp;story_id=1357393597638443\" data-ft=\"{&quot;tn&quot;:&quot;*N&quot;,&quot;type&quot;:104}\"><span class=\"_5afx\"><span class=\"_58cl _5afz\">#<\/span><span class=\"_58cm\">10MDLG<\/span><\/span><\/a> \u00a1\u00bfCu\u00e1nto m\u00e1s?! El estado es responsable.<\/p>\n<hr \/>\n<p><a class=\"_58cn\" href=\"https:\/\/www.facebook.com\/hashtag\/relatosrabiosxs?source=feed_text&amp;story_id=1357393597638443\" data-ft=\"{&quot;tn&quot;:&quot;*N&quot;,&quot;type&quot;:104}\"><span class=\"_5afx\"><span class=\"_58cl _5afz\">#<\/span><span class=\"_58cm\">RelatosRabiosxs<\/span><\/span><\/a><br \/>\nNo somos n\u00fameros, ni fr\u00edas estad\u00edsticas. Somos personas de distintas edades, procedencias, ocupaciones, gustos, placeres. Tenemos historias para contar y motivos para marchar.<br \/>\nVos tambi\u00e9n nos pod\u00e9s contar la tuya, enviando por privado tu relato rabiosx, con o sin foto.<\/p>\n<\/div>\n<p><span class=\"text_exposed_show\">\u00a0<\/span><\/p>\n","protected":false},"excerpt":{"rendered":"<p>Por Julio P. Nac\u00ed y me cri\u00e9 en el Barrio Yapey\u00fa junto a mi familia. Trabajo desde hace varios a\u00f1os en distintos lugares y soy comunicador de la revista La Garganta Poderosa, brazo literario de la organizaci\u00f3n social La Poderosa. Luego de maquillar el c\u00f3digo de faltas cambi\u00e1ndole el nombre a c\u00f3digo de convivencia, la&hellip; <br \/> <a class=\"button small blue\" href=\"https:\/\/marchadelagorra.org\/2024\/relatosrabiosxs-la-policia-sigue-deteniendo-a-pibes-sin-ningun-motivo\/\">Leer m\u00e1s<\/a><\/p>\n","protected":false},"author":4,"featured_media":1794,"comment_status":"closed","ping_status":"closed","sticky":false,"template":"","format":"standard","meta":{"footnotes":""},"categories":[320,36],"tags":[317,318,319],"class_list":["post-1793","post","type-post","status-publish","format-standard","has-post-thumbnail","hentry","category-10-mdlg","category-notas","tag-10mdlg","tag-elestadoesresponsable","tag-marchadelagorra"],"aioseo_notices":[],"_links":{"self":[{"href":"https:\/\/marchadelagorra.org\/2024\/wp-json\/wp\/v2\/posts\/1793","targetHints":{"allow":["GET"]}}],"collection":[{"href":"https:\/\/marchadelagorra.org\/2024\/wp-json\/wp\/v2\/posts"}],"about":[{"href":"https:\/\/marchadelagorra.org\/2024\/wp-json\/wp\/v2\/types\/post"}],"author":[{"embeddable":true,"href":"https:\/\/marchadelagorra.org\/2024\/wp-json\/wp\/v2\/users\/4"}],"replies":[{"embeddable":true,"href":"https:\/\/marchadelagorra.org\/2024\/wp-json\/wp\/v2\/comments?post=1793"}],"version-history":[{"count":0,"href":"https:\/\/marchadelagorra.org\/2024\/wp-json\/wp\/v2\/posts\/1793\/revisions"}],"wp:featuredmedia":[{"embeddable":true,"href":"https:\/\/marchadelagorra.org\/2024\/wp-json\/"}],"wp:attachment":[{"href":"https:\/\/marchadelagorra.org\/2024\/wp-json\/wp\/v2\/media?parent=1793"}],"wp:term":[{"taxonomy":"category","embeddable":true,"href":"https:\/\/marchadelagorra.org\/2024\/wp-json\/wp\/v2\/categories?post=1793"},{"taxonomy":"post_tag","embeddable":true,"href":"https:\/\/marchadelagorra.org\/2024\/wp-json\/wp\/v2\/tags?post=1793"}],"curies":[{"name":"wp","href":"https:\/\/api.w.org\/{rel}","templated":true}]}}