{"id":1784,"date":"2016-11-08T14:31:50","date_gmt":"2016-11-08T14:31:50","guid":{"rendered":"https:\/\/marchadelagorra.org\/?p=1784"},"modified":"2016-11-08T14:31:50","modified_gmt":"2016-11-08T14:31:50","slug":"talleres-cobertura-colaborativa","status":"publish","type":"post","link":"https:\/\/marchadelagorra.org\/2024\/talleres-cobertura-colaborativa\/","title":{"rendered":"Talleres \/ Cobertura colaborativa"},"content":{"rendered":"<p>Porque somos nuestrxs propios medios y elegimos a\u00f1o a a\u00f1o compartir y expandir todas las voces que marchan nos volvemos a encontrar.<\/p>\n<p>Talleres para compartir estrategias colectivas.<\/p>\n<div class=\"text_exposed_show\">\n<p>Los medios hegem\u00f3nicos intentan invisibilizar y desacreditar <a class=\"_58cn\" href=\"https:\/\/www.facebook.com\/hashtag\/10a%C3%B1os?source=feed_text&amp;story_id=1360306224013847\" data-ft=\"{&quot;tn&quot;:&quot;*N&quot;,&quot;type&quot;:104}\"><span class=\"_5afx\"><span class=\"_58cl _5afz\">#<\/span><span class=\"_58cm\">10a\u00f1os<\/span><\/span><\/a> de organizaci\u00f3n y lucha.<\/p>\n<p>\u00bfCu\u00e1nto m\u00e1s?<\/p>\n<p>18 de Noviembre. 10\u00b0<a class=\"_58cn\" href=\"https:\/\/www.facebook.com\/hashtag\/marchadelagorra?source=feed_text&amp;story_id=1360306224013847\" data-ft=\"{&quot;tn&quot;:&quot;*N&quot;,&quot;type&quot;:104}\"><span class=\"_5afx\"><span class=\"_58cl _5afz\">#<\/span><span class=\"_58cm\">MarchadelaGorra<\/span><\/span><\/a><\/p>\n<p><a href=\"https:\/\/marchadelagorra.org\/wp-content\/uploads\/2016\/11\/MDLG-graficas_flyer-03.jpg\" rel=\"attachment wp-att-1785\"><img fetchpriority=\"high\" decoding=\"async\" class=\"aligncenter wp-image-1785 size-large\" src=\"https:\/\/marchadelagorra.org\/wp-content\/uploads\/2016\/11\/MDLG-graficas_flyer-03-1024x684.jpg\" alt=\"Imprimir\" width=\"660\" height=\"441\" \/><\/a><\/p>\n<\/div>\n","protected":false},"excerpt":{"rendered":"<p>Porque somos nuestrxs propios medios y elegimos a\u00f1o a a\u00f1o compartir y expandir todas las voces que marchan nos volvemos a encontrar. Talleres para compartir estrategias colectivas. Los medios hegem\u00f3nicos intentan invisibilizar y desacreditar #10a\u00f1os de organizaci\u00f3n y lucha. \u00bfCu\u00e1nto m\u00e1s? 18 de Noviembre. 10\u00b0#MarchadelaGorra<\/p>\n","protected":false},"author":4,"featured_media":1785,"comment_status":"closed","ping_status":"closed","sticky":false,"template":"","format":"standard","meta":{"footnotes":""},"categories":[320,312],"tags":[317,318,319],"class_list":["post-1784","post","type-post","status-publish","format-standard","has-post-thumbnail","hentry","category-10-mdlg","category-actividades","tag-10mdlg","tag-elestadoesresponsable","tag-marchadelagorra"],"aioseo_notices":[],"_links":{"self":[{"href":"https:\/\/marchadelagorra.org\/2024\/wp-json\/wp\/v2\/posts\/1784","targetHints":{"allow":["GET"]}}],"collection":[{"href":"https:\/\/marchadelagorra.org\/2024\/wp-json\/wp\/v2\/posts"}],"about":[{"href":"https:\/\/marchadelagorra.org\/2024\/wp-json\/wp\/v2\/types\/post"}],"author":[{"embeddable":true,"href":"https:\/\/marchadelagorra.org\/2024\/wp-json\/wp\/v2\/users\/4"}],"replies":[{"embeddable":true,"href":"https:\/\/marchadelagorra.org\/2024\/wp-json\/wp\/v2\/comments?post=1784"}],"version-history":[{"count":0,"href":"https:\/\/marchadelagorra.org\/2024\/wp-json\/wp\/v2\/posts\/1784\/revisions"}],"wp:featuredmedia":[{"embeddable":true,"href":"https:\/\/marchadelagorra.org\/2024\/wp-json\/"}],"wp:attachment":[{"href":"https:\/\/marchadelagorra.org\/2024\/wp-json\/wp\/v2\/media?parent=1784"}],"wp:term":[{"taxonomy":"category","embeddable":true,"href":"https:\/\/marchadelagorra.org\/2024\/wp-json\/wp\/v2\/categories?post=1784"},{"taxonomy":"post_tag","embeddable":true,"href":"https:\/\/marchadelagorra.org\/2024\/wp-json\/wp\/v2\/tags?post=1784"}],"curies":[{"name":"wp","href":"https:\/\/api.w.org\/{rel}","templated":true}]}}