{"id":1782,"date":"2016-11-11T14:22:48","date_gmt":"2016-11-11T14:22:48","guid":{"rendered":"https:\/\/marchadelagorra.org\/?p=1782"},"modified":"2016-11-11T14:22:48","modified_gmt":"2016-11-11T14:22:48","slug":"en-jesus-maria-tambien-hay-alto-embrollo","status":"publish","type":"post","link":"https:\/\/marchadelagorra.org\/2024\/en-jesus-maria-tambien-hay-alto-embrollo\/","title":{"rendered":"En Jes\u00fas Mar\u00eda tambi\u00e9n hay Alto Embrollo"},"content":{"rendered":"<p><span class=\"_4n-j fsl\">\u2738 NUESTRA ORGULLOSA IDENTIDAD ES VIOLENTADA POR TU SEGURIDAD \u2738<\/span><\/p>\n<p>\u00a1EL ESTADO NOS NIEGA EL ABRAZO Y NOS OBLIGA AL CODAZO!<\/p>\n<p>Por segundo a\u00f1o consecutivo j\u00f3venes de la zona nos autoconvocamos para sumarnos a las jornadas de expresi\u00f3n cultural enmarcadas en la difusi\u00f3n de la 10\u00b0 Marcha de la Gorra. Los \u201cAltos Embrollos\u201d son jornadas de manifestaci\u00f3n de la cultura juvenil que repudian la violencias sociales y exigen al estado para que deje de ejercer violencia institucional y se haga cargo de remediar la situaci\u00f3n y garantizar una seguridad democr\u00e1tica que incluya a todos y todas sin estigmatizar y perseguir las distintas identidades juveniles. Estas jornadas culturales se realizan pr<span class=\"text_exposed_show\">eviamente en el marco de la Marcha de la Gorra, que este a\u00f1o en su 10\u00ba aniversario se har\u00e1 el 18 de Noviembre partiendo tradicionalmente de General Paz y 9 de Julio.<\/span><\/p>\n<p><span class=\"_4n-j fsl\"><span class=\"text_exposed_show\"><a href=\"https:\/\/marchadelagorra.org\/wp-content\/uploads\/2014\/10\/15025427_240850039665544_7305144719042826844_o.jpg\" rel=\"attachment wp-att-1767\"><img fetchpriority=\"high\" decoding=\"async\" class=\"aligncenter wp-image-1767 size-large\" src=\"https:\/\/marchadelagorra.org\/wp-content\/uploads\/2014\/10\/15025427_240850039665544_7305144719042826844_o-1024x576.jpg\" alt=\"15025427_240850039665544_7305144719042826844_o\" width=\"660\" height=\"371\" \/><\/a><\/span><\/span><\/p>\n<p>Por esto y mucho m\u00e1s, invitamos a la comunidad a participar de la Jornada el D\u00eda 12 de NOVIEMBRE en la plaza P\u00cdO LE\u00d3N de Jes\u00fas Mar\u00eda. En la misma se desarrollar\u00e1n diferentes actividades programadas como simultaneas que son las siguientes:<br \/>\n&#8211; EMSAMBLE DE PERCUCI\u00d3N INICIANDO LA TARDE<br \/>\n&#8211; RADIO ABIERTA<br \/>\n&#8211; M\u00daSICA EN VIVO<br \/>\n&#8211; STENCIL EN REMERAS<br \/>\n&#8211; PINTADA DE BANDERAS<br \/>\n&#8211; INTERVENCIONES ARTISTICAS<\/p>\n<p><span class=\"_4n-j fsl\"><span class=\"text_exposed_show\">\u00a1LLEVA TU REMERA PARA TUNEARLA Y SI TENES ALG\u00daN INSTRUMENTO CARGALO PARA SUMARLO AL ENSAMBLE!<\/span><\/span><\/p>\n<p>Nos necesitamos entre todos para poder dar una lucha colectiva y cada vez m\u00e1s grande, para as\u00ed levantar nuestro grito contra toda violencia institucional que trata de controlarnos y perseguirnos por nuestra identidad.<br \/>\nLlegate a acompa\u00f1arnos y a expresarnos culturalmente mediante el arte, la m\u00fasica, la voz, el cuerpo y con lo que querramos aportarle a esta lucha.<\/p>\n<p>Invita: Colectivo de J\u00f3venes autoconvocados y diferentes organizaciones sociales locales.<\/p>\n<p><iframe src=\"https:\/\/www.youtube.com\/embed\/sJ7vPODjxMo?rel=0\" width=\"640\" height=\"360\" frameborder=\"0\" allowfullscreen=\"allowfullscreen\"><\/iframe><\/p>\n","protected":false},"excerpt":{"rendered":"<p>\u2738 NUESTRA ORGULLOSA IDENTIDAD ES VIOLENTADA POR TU SEGURIDAD \u2738 \u00a1EL ESTADO NOS NIEGA EL ABRAZO Y NOS OBLIGA AL CODAZO! Por segundo a\u00f1o consecutivo j\u00f3venes de la zona nos autoconvocamos para sumarnos a las jornadas de expresi\u00f3n cultural enmarcadas en la difusi\u00f3n de la 10\u00b0 Marcha de la Gorra. Los \u201cAltos Embrollos\u201d son jornadas&hellip; <br \/> <a class=\"button small blue\" href=\"https:\/\/marchadelagorra.org\/2024\/en-jesus-maria-tambien-hay-alto-embrollo\/\">Leer m\u00e1s<\/a><\/p>\n","protected":false},"author":4,"featured_media":1767,"comment_status":"closed","ping_status":"closed","sticky":false,"template":"","format":"standard","meta":{"footnotes":""},"categories":[320,312],"tags":[317,318,319],"class_list":["post-1782","post","type-post","status-publish","format-standard","has-post-thumbnail","hentry","category-10-mdlg","category-actividades","tag-10mdlg","tag-elestadoesresponsable","tag-marchadelagorra"],"aioseo_notices":[],"_links":{"self":[{"href":"https:\/\/marchadelagorra.org\/2024\/wp-json\/wp\/v2\/posts\/1782","targetHints":{"allow":["GET"]}}],"collection":[{"href":"https:\/\/marchadelagorra.org\/2024\/wp-json\/wp\/v2\/posts"}],"about":[{"href":"https:\/\/marchadelagorra.org\/2024\/wp-json\/wp\/v2\/types\/post"}],"author":[{"embeddable":true,"href":"https:\/\/marchadelagorra.org\/2024\/wp-json\/wp\/v2\/users\/4"}],"replies":[{"embeddable":true,"href":"https:\/\/marchadelagorra.org\/2024\/wp-json\/wp\/v2\/comments?post=1782"}],"version-history":[{"count":0,"href":"https:\/\/marchadelagorra.org\/2024\/wp-json\/wp\/v2\/posts\/1782\/revisions"}],"wp:featuredmedia":[{"embeddable":true,"href":"https:\/\/marchadelagorra.org\/2024\/wp-json\/"}],"wp:attachment":[{"href":"https:\/\/marchadelagorra.org\/2024\/wp-json\/wp\/v2\/media?parent=1782"}],"wp:term":[{"taxonomy":"category","embeddable":true,"href":"https:\/\/marchadelagorra.org\/2024\/wp-json\/wp\/v2\/categories?post=1782"},{"taxonomy":"post_tag","embeddable":true,"href":"https:\/\/marchadelagorra.org\/2024\/wp-json\/wp\/v2\/tags?post=1782"}],"curies":[{"name":"wp","href":"https:\/\/api.w.org\/{rel}","templated":true}]}}