{"id":1771,"date":"2016-11-11T13:09:14","date_gmt":"2016-11-11T13:09:14","guid":{"rendered":"https:\/\/marchadelagorra.org\/?p=1771"},"modified":"2016-11-11T13:09:14","modified_gmt":"2016-11-11T13:09:14","slug":"alto-embrollo-2","status":"publish","type":"post","link":"https:\/\/marchadelagorra.org\/2024\/alto-embrollo-2\/","title":{"rendered":"\u00a1Alto Embrollo en Camino a 60 cuadras!"},"content":{"rendered":"<h3>Segu\u00ed de cerca las actividades culturales del #<strong>AltoEmbrollo!<\/strong><\/h3>\n<p>Desde hace cinco\u00a0a\u00f1os estas jornadas se realizan desde el espacio de organizaci\u00f3n de la <a href=\"https:\/\/www.facebook.com\/MarchaDeLaGorra\" data-hovercard=\"\/ajax\/hovercard\/page.php?id=466026820108463\">Marcha de la Gorra<\/a> con el fin de alertar e interpelar a la sociedad acerca de qui\u00e9nes somos, qu\u00e9 hacemos, qu\u00e9 nos gusta y disgusta, qui\u00e9nes queremos ser.<\/p>\n<p><a href=\"https:\/\/marchadelagorra.org\/wp-content\/uploads\/2014\/10\/15068548_1362356513808818_3050377535331295532_o.jpg\" rel=\"attachment wp-att-1768\"><img fetchpriority=\"high\" decoding=\"async\" class=\" wp-image-1768 aligncenter\" src=\"https:\/\/marchadelagorra.org\/wp-content\/uploads\/2014\/10\/15068548_1362356513808818_3050377535331295532_o-300x212.jpg\" alt=\"15068548_1362356513808818_3050377535331295532_o\" width=\"754\" height=\"533\" \/><\/a><\/p>\n<p>En 2011 nace el Alto Embrollo como jornadas donde expresamos libremente nuestra(s) cultura(s), la(s) hacemo(s) p\u00fablica, la(s) compartimos con otros y otras e interpelamos a la sociedad acerca de qui\u00e9nes somos, qu\u00e9 hacemos, qu\u00e9 nos gusta y disgusta, qui\u00e9nes queremos ser. En \u00e9l se desarrollan actividades vinculadas a la m\u00fasica, la fotograf\u00eda, la danza, el circo, la poes\u00eda, el arte callejero, entre otras expresiones. Para todo esto promovemos el uso del espacio p\u00fablico para disputar sentidos.<\/p>\n","protected":false},"excerpt":{"rendered":"<p>Segu\u00ed de cerca las actividades culturales del #AltoEmbrollo! Desde hace cinco\u00a0a\u00f1os estas jornadas se realizan desde el espacio de organizaci\u00f3n de la Marcha de la Gorra con el fin de alertar e interpelar a la sociedad acerca de qui\u00e9nes somos, qu\u00e9 hacemos, qu\u00e9 nos gusta y disgusta, qui\u00e9nes queremos ser. En 2011 nace el Alto&hellip; <br \/> <a class=\"button small blue\" href=\"https:\/\/marchadelagorra.org\/2024\/alto-embrollo-2\/\">Leer m\u00e1s<\/a><\/p>\n","protected":false},"author":4,"featured_media":1768,"comment_status":"closed","ping_status":"closed","sticky":false,"template":"","format":"standard","meta":{"footnotes":""},"categories":[320,312],"tags":[317,318,319],"class_list":["post-1771","post","type-post","status-publish","format-standard","has-post-thumbnail","hentry","category-10-mdlg","category-actividades","tag-10mdlg","tag-elestadoesresponsable","tag-marchadelagorra"],"aioseo_notices":[],"_links":{"self":[{"href":"https:\/\/marchadelagorra.org\/2024\/wp-json\/wp\/v2\/posts\/1771","targetHints":{"allow":["GET"]}}],"collection":[{"href":"https:\/\/marchadelagorra.org\/2024\/wp-json\/wp\/v2\/posts"}],"about":[{"href":"https:\/\/marchadelagorra.org\/2024\/wp-json\/wp\/v2\/types\/post"}],"author":[{"embeddable":true,"href":"https:\/\/marchadelagorra.org\/2024\/wp-json\/wp\/v2\/users\/4"}],"replies":[{"embeddable":true,"href":"https:\/\/marchadelagorra.org\/2024\/wp-json\/wp\/v2\/comments?post=1771"}],"version-history":[{"count":0,"href":"https:\/\/marchadelagorra.org\/2024\/wp-json\/wp\/v2\/posts\/1771\/revisions"}],"wp:featuredmedia":[{"embeddable":true,"href":"https:\/\/marchadelagorra.org\/2024\/wp-json\/"}],"wp:attachment":[{"href":"https:\/\/marchadelagorra.org\/2024\/wp-json\/wp\/v2\/media?parent=1771"}],"wp:term":[{"taxonomy":"category","embeddable":true,"href":"https:\/\/marchadelagorra.org\/2024\/wp-json\/wp\/v2\/categories?post=1771"},{"taxonomy":"post_tag","embeddable":true,"href":"https:\/\/marchadelagorra.org\/2024\/wp-json\/wp\/v2\/tags?post=1771"}],"curies":[{"name":"wp","href":"https:\/\/api.w.org\/{rel}","templated":true}]}}