{"id":171,"date":"2014-10-06T18:17:16","date_gmt":"2014-10-06T18:17:16","guid":{"rendered":"https:\/\/marchadelagorra.org\/?p=171"},"modified":"2014-10-06T18:17:16","modified_gmt":"2014-10-06T18:17:16","slug":"latinoamerica-anda-diciendo","status":"publish","type":"post","link":"https:\/\/marchadelagorra.org\/2024\/latinoamerica-anda-diciendo\/","title":{"rendered":"Latinoam\u00e9rica anda diciendo&#8230;"},"content":{"rendered":"<p>En <strong>C\u00f3rdoba<\/strong> hay una construcci\u00f3n acerca de la peligrosidad que representan los j\u00f3venes para la sociedad. Una narraci\u00f3n sociocultural que los vincula a la delincuencia, la amenaza de la seguridad y los hechos de violencia.<\/p>\n<p>Abonan esta construcci\u00f3n los medios masivos de comunicaci\u00f3n que estigmatizan en cada noticia. Crean identikits de lxs potenciales enemigos de la sociedad a partir de rasgos f\u00edsicos, ling\u00fc\u00edsticos y culturales, y encuentran en el rostro gen\u00e9rico joven-pobre-morenx los signos de amenaza.<\/p>\n<p>En este contexto algunos sectores proclaman al Estado acciones represivas y violentas. Las pol\u00edticas de seguridad, el accionar de las Fuerzas de Seguridad y el C\u00f3digo de Faltas son algunas de ellas.<\/p>\n<p>Estas condiciones pol\u00edtico-culturales facilitan un imaginario del miedo y el desamparo. Provocando temores a una sociedad insegura que se ve amenazada constantemente por ese enemigo interior, por ese OTRO.<\/p>\n<p>Ese OTRX no es solo local. En nuestra regi\u00f3n, en nuestra Am\u00e9rica Latina, existen muchxs OTROS. Inmigrantes, trans, trabajadoras sexuales, los pobres, etc.; y que para nosotros constituyen universos de diversidad, de riqueza cultural e identidad.<\/p>\n<p>Por eso el encuentro con colectivos de fot\u00f3grafos y mediactivistas quienes, tanto en el espacio p\u00fablico como en diversos medios de comunicaci\u00f3n, disputan por el valor que tienen esos sentidos diversos.<\/p>\n<p>Colectivos que construyen junto al OTRX su(s) cultura(s) y su(s) expresi\u00f3n(es).<\/p>\n<p>Produciendo y distribuyendo contenidos que interpelen a la sociedad a ver y reconocer esx OTRX en su plenitud. Construir con aquellxs que se aproximan a la realidad para contar lo que sucede ah\u00ed y no solo desde las \u00absensaciones\u00bb.<\/p>\n<p>Propiciar una disputa por la est\u00e9tica del OTRO. Porque queremos decir qui\u00e9nes somos, qu\u00e9 hacemos y c\u00f3mo lo hacemos: acercarnos.<\/p>\n","protected":false},"excerpt":{"rendered":"<p>En C\u00f3rdoba hay una construcci\u00f3n acerca de la peligrosidad que representan los j\u00f3venes para la sociedad. Una narraci\u00f3n sociocultural que los vincula a la delincuencia, la amenaza de la seguridad y los hechos de violencia. Abonan esta construcci\u00f3n los medios masivos de comunicaci\u00f3n que estigmatizan en cada noticia. Crean identikits de lxs potenciales enemigos de&hellip; <br \/> <a class=\"button small blue\" href=\"https:\/\/marchadelagorra.org\/2024\/latinoamerica-anda-diciendo\/\">Leer m\u00e1s<\/a><\/p>\n","protected":false},"author":3,"featured_media":130,"comment_status":"closed","ping_status":"closed","sticky":false,"template":"","format":"standard","meta":{"footnotes":""},"categories":[30,35],"tags":[31,33,38,37,39,40],"class_list":["post-171","post","type-post","status-publish","format-standard","has-post-thumbnail","hentry","category-8-mdlg","category-mdlg-2014","tag-codigo-de-faltas","tag-cordoba","tag-cultura","tag-jovenes","tag-medios-de-comunicacion","tag-politicas-de-seguridad"],"aioseo_notices":[],"_links":{"self":[{"href":"https:\/\/marchadelagorra.org\/2024\/wp-json\/wp\/v2\/posts\/171","targetHints":{"allow":["GET"]}}],"collection":[{"href":"https:\/\/marchadelagorra.org\/2024\/wp-json\/wp\/v2\/posts"}],"about":[{"href":"https:\/\/marchadelagorra.org\/2024\/wp-json\/wp\/v2\/types\/post"}],"author":[{"embeddable":true,"href":"https:\/\/marchadelagorra.org\/2024\/wp-json\/wp\/v2\/users\/3"}],"replies":[{"embeddable":true,"href":"https:\/\/marchadelagorra.org\/2024\/wp-json\/wp\/v2\/comments?post=171"}],"version-history":[{"count":0,"href":"https:\/\/marchadelagorra.org\/2024\/wp-json\/wp\/v2\/posts\/171\/revisions"}],"wp:featuredmedia":[{"embeddable":true,"href":"https:\/\/marchadelagorra.org\/2024\/wp-json\/wp\/v2\/media\/130"}],"wp:attachment":[{"href":"https:\/\/marchadelagorra.org\/2024\/wp-json\/wp\/v2\/media?parent=171"}],"wp:term":[{"taxonomy":"category","embeddable":true,"href":"https:\/\/marchadelagorra.org\/2024\/wp-json\/wp\/v2\/categories?post=171"},{"taxonomy":"post_tag","embeddable":true,"href":"https:\/\/marchadelagorra.org\/2024\/wp-json\/wp\/v2\/tags?post=171"}],"curies":[{"name":"wp","href":"https:\/\/api.w.org\/{rel}","templated":true}]}}