{"id":1482,"date":"2014-11-16T18:58:50","date_gmt":"2014-11-16T18:58:50","guid":{"rendered":"https:\/\/marchadelagorra.org\/?p=435"},"modified":"2014-11-16T18:58:50","modified_gmt":"2014-11-16T18:58:50","slug":"radio-perito-moreno-informe-sobre-la-marcha-de-la-gorra","status":"publish","type":"post","link":"https:\/\/marchadelagorra.org\/2024\/radio-perito-moreno-informe-sobre-la-marcha-de-la-gorra\/","title":{"rendered":"Radio Perito Moreno &#8211; Informe sobre la Marcha de la Gorra"},"content":{"rendered":"<p>La radio, la escuela y sus estudiantes, tienen mucho para contar. Los alumnos de <strong>5\u00ba A<\/strong> del <strong>IPEM 185<\/strong> <a title=\"Perito moreno\" href=\"http:\/\/radiopmoreno.blogspot.com.ar\/\" target=\"_blank\" rel=\"noopener\">Perito Moreno<\/a> de la ciudad de C\u00f3rdoba hicieron un informe sobre la <strong>Marcha de la Gorra<\/strong>. Cuentan qu\u00e9 es la <strong>Marcha de la Gorra<\/strong>, por qu\u00e9 se realiza, qui\u00e9nes la organizan, con datos sobre el <strong>C\u00f3digo de Faltas<\/strong>, detenciones arbitrarias y\u00a0testimonios de chicos detenidos.<\/p>\n<p>%MEDIA7%<\/p>\n<p>La radio del <strong>Perito Moreno<\/strong> es un espacio donde los estudiantes durante todo el a\u00f1os realizan diferentes actividades como parte de su formaci\u00f3n. Las producciones que hacen buscan brindar informaci\u00f3n sobre lo\u00a0que ocurre dentro y\u00a0fuera del colegio, compartir m\u00fasica, diversi\u00f3n, saludos del recreo, chistes, chismes y la cotidianidad de la escuela.<\/p>\n<p>&nbsp;<\/p>\n","protected":false},"excerpt":{"rendered":"<p>La radio, la escuela y sus estudiantes, tienen mucho para contar. Los alumnos de 5\u00ba A del IPEM 185 Perito Moreno de la ciudad de C\u00f3rdoba hicieron un informe sobre la Marcha de la Gorra. Cuentan qu\u00e9 es la Marcha de la Gorra, por qu\u00e9 se realiza, qui\u00e9nes la organizan, con datos sobre el C\u00f3digo&hellip; <br \/> <a class=\"button small blue\" href=\"https:\/\/marchadelagorra.org\/2024\/radio-perito-moreno-informe-sobre-la-marcha-de-la-gorra\/\">Leer m\u00e1s<\/a><\/p>\n","protected":false},"author":3,"featured_media":1483,"comment_status":"closed","ping_status":"closed","sticky":false,"template":"","format":"standard","meta":{"footnotes":""},"categories":[30,41],"tags":[29,43,31,32,33,51,91,37,80,92,93],"class_list":["post-1482","post","type-post","status-publish","format-standard","has-post-thumbnail","hentry","category-8-mdlg","category-audios","tag-20-de-noviembre","tag-8-marcha-de-la-gorra","tag-codigo-de-faltas","tag-colectivo-de-jovenes-por-nuestros-derechos","tag-cordoba","tag-educacion","tag-escuela","tag-jovenes","tag-marcha-de-la-gorra-en-cordoba","tag-perito-moreno","tag-radio"],"aioseo_notices":[],"_links":{"self":[{"href":"https:\/\/marchadelagorra.org\/2024\/wp-json\/wp\/v2\/posts\/1482","targetHints":{"allow":["GET"]}}],"collection":[{"href":"https:\/\/marchadelagorra.org\/2024\/wp-json\/wp\/v2\/posts"}],"about":[{"href":"https:\/\/marchadelagorra.org\/2024\/wp-json\/wp\/v2\/types\/post"}],"author":[{"embeddable":true,"href":"https:\/\/marchadelagorra.org\/2024\/wp-json\/wp\/v2\/users\/3"}],"replies":[{"embeddable":true,"href":"https:\/\/marchadelagorra.org\/2024\/wp-json\/wp\/v2\/comments?post=1482"}],"version-history":[{"count":0,"href":"https:\/\/marchadelagorra.org\/2024\/wp-json\/wp\/v2\/posts\/1482\/revisions"}],"wp:featuredmedia":[{"embeddable":true,"href":"https:\/\/marchadelagorra.org\/2024\/wp-json\/"}],"wp:attachment":[{"href":"https:\/\/marchadelagorra.org\/2024\/wp-json\/wp\/v2\/media?parent=1482"}],"wp:term":[{"taxonomy":"category","embeddable":true,"href":"https:\/\/marchadelagorra.org\/2024\/wp-json\/wp\/v2\/categories?post=1482"},{"taxonomy":"post_tag","embeddable":true,"href":"https:\/\/marchadelagorra.org\/2024\/wp-json\/wp\/v2\/tags?post=1482"}],"curies":[{"name":"wp","href":"https:\/\/api.w.org\/{rel}","templated":true}]}}