{"id":1481,"date":"2014-11-13T14:25:47","date_gmt":"2014-11-13T14:25:47","guid":{"rendered":"https:\/\/marchadelagorra.org\/?p=386"},"modified":"2014-11-13T14:25:47","modified_gmt":"2014-11-13T14:25:47","slug":"rio-cuarto-convocan-a-una-marcha-de-la-gorra-contra-el-codigo-de-faltas","status":"publish","type":"post","link":"https:\/\/marchadelagorra.org\/2024\/rio-cuarto-convocan-a-una-marcha-de-la-gorra-contra-el-codigo-de-faltas\/","title":{"rendered":"R\u00edo Cuarto: convocan a una \u201cMarcha de la Gorra\u201d contra el C\u00f3digo de Faltas"},"content":{"rendered":"<p>Se realizar\u00e1 el <strong>20 de noviembre<\/strong>. Se leer\u00e1 un <strong>documento consensuado<\/strong> por distintas organizaciones expresando su <strong>repudio a la aplicaci\u00f3n arbitraria del C\u00f3digo de Faltas y el permanente maltrato policial.<\/strong><\/p>\n<p>El <strong>Colectivo Organizador de la Marcha de la Gorra<\/strong> convoc\u00f3 a una movilizaci\u00f3n que se realizar\u00e1 el pr\u00f3ximo 20 de noviembre en la ciudad de <strong>R\u00edo Cuarto<\/strong>.<br \/>\nLos organizadores realizar\u00e1n una reuni\u00f3n preparativa hoy, a las 9:30 hs, en el galp\u00f3n de la <strong>Murga Mulato Mul\u00e9<\/strong>, en calle Rafael Obligado 246 de barrio Alberdi.<br \/>\nEl <strong>Colectivo Organizador de la Marcha de la Gorra<\/strong> surgi\u00f3 ante el reclamo permanente de distintas organizaciones sociales, instituciones y agrupaciones pol\u00edticas que se han pronunciado contra la aplicaci\u00f3n del <strong>C\u00f3digo de Faltas de la Provincia<\/strong>, que implica un ejercicio arbitrario del poder por parte de la <strong>Polic\u00eda de la Provincia de C\u00f3rdoba<\/strong>.<br \/>\n\u201cTras varias reuniones mantenidas en la sede del <strong>PEAM<\/strong> tendientes a buscar distintos mecanismos legales para brindar a los j\u00f3venes las herramientas necesarias para defenderse de las detenciones arbitrarias de la polic\u00eda, se acord\u00f3 por consenso adherir a la <strong>Marcha de la Gorra<\/strong> que se realiza desde hace ocho a\u00f1os en forma ininterrumpida en la capital provincial para pedir la <strong>derogaci\u00f3n del C\u00f3digo de Faltas<\/strong> y el fin del <strong>abuso policial<\/strong>\u201d, indicaron desde la organizaci\u00f3n.<br \/>\nA\u00f1adieron que la adhesi\u00f3n del colectivo de organizaciones de <strong>R\u00edo Cuarto<\/strong>, acordada con los organizadores de la <strong>Marcha de la Gorra en C\u00f3rdoba<\/strong>, consistir\u00e1 en replicar esa manifestaci\u00f3n en <strong>R\u00edo Cuarto<\/strong>.<br \/>\n\u201cSe convocar\u00e1 a la poblaci\u00f3n a movilizarse por distintas calles del centro de la ciudad para culminar la jornada con un festival art\u00edstico a realizarse en la plaza Roca, oportunidad en la que se leer\u00e1 un documento consensuado por distintas organizaciones expresando su repudio a la aplicaci\u00f3n arbitraria del <strong>C\u00f3digo de Faltas<\/strong> y el permanente <strong>maltrato policial<\/strong> a los detenidos en las distintas dependencias de la ciudad, especialmente en la<strong> Alcaid\u00eda de la Unidad Regional N\u00ba 9<\/strong>\u2033, subrayaron.<\/p>\n","protected":false},"excerpt":{"rendered":"<p>Se realizar\u00e1 el 20 de noviembre. Se leer\u00e1 un documento consensuado por distintas organizaciones expresando su repudio a la aplicaci\u00f3n arbitraria del C\u00f3digo de Faltas y el permanente maltrato policial. El Colectivo Organizador de la Marcha de la Gorra convoc\u00f3 a una movilizaci\u00f3n que se realizar\u00e1 el pr\u00f3ximo 20 de noviembre en la ciudad de&hellip; <br \/> <a class=\"button small blue\" href=\"https:\/\/marchadelagorra.org\/2024\/rio-cuarto-convocan-a-una-marcha-de-la-gorra-contra-el-codigo-de-faltas\/\">Leer m\u00e1s<\/a><\/p>\n","protected":false},"author":3,"featured_media":387,"comment_status":"closed","ping_status":"closed","sticky":false,"template":"","format":"standard","meta":{"footnotes":""},"categories":[30,36],"tags":[74,75,76,77,78,79,80,81,82,83,84],"class_list":["post-1481","post","type-post","status-publish","format-standard","has-post-thumbnail","hentry","category-8-mdlg","category-notas","tag-abuso-policial","tag-alcaidia-de-la-unidad-regional-no-9","tag-codigo-de-faltas-de-la-provincia","tag-colectivo-organizador-de-la-marcha-de-la-gorra","tag-derogacion-del-codigo-de-faltas","tag-maltrato-policial","tag-marcha-de-la-gorra-en-cordoba","tag-murga-mulato-mule","tag-peam","tag-policia-de-la-provincia-de-cordoba","tag-rio-cuarto"],"aioseo_notices":[],"_links":{"self":[{"href":"https:\/\/marchadelagorra.org\/2024\/wp-json\/wp\/v2\/posts\/1481","targetHints":{"allow":["GET"]}}],"collection":[{"href":"https:\/\/marchadelagorra.org\/2024\/wp-json\/wp\/v2\/posts"}],"about":[{"href":"https:\/\/marchadelagorra.org\/2024\/wp-json\/wp\/v2\/types\/post"}],"author":[{"embeddable":true,"href":"https:\/\/marchadelagorra.org\/2024\/wp-json\/wp\/v2\/users\/3"}],"replies":[{"embeddable":true,"href":"https:\/\/marchadelagorra.org\/2024\/wp-json\/wp\/v2\/comments?post=1481"}],"version-history":[{"count":0,"href":"https:\/\/marchadelagorra.org\/2024\/wp-json\/wp\/v2\/posts\/1481\/revisions"}],"wp:featuredmedia":[{"embeddable":true,"href":"https:\/\/marchadelagorra.org\/2024\/wp-json\/"}],"wp:attachment":[{"href":"https:\/\/marchadelagorra.org\/2024\/wp-json\/wp\/v2\/media?parent=1481"}],"wp:term":[{"taxonomy":"category","embeddable":true,"href":"https:\/\/marchadelagorra.org\/2024\/wp-json\/wp\/v2\/categories?post=1481"},{"taxonomy":"post_tag","embeddable":true,"href":"https:\/\/marchadelagorra.org\/2024\/wp-json\/wp\/v2\/tags?post=1481"}],"curies":[{"name":"wp","href":"https:\/\/api.w.org\/{rel}","templated":true}]}}