{"id":1480,"date":"2014-11-06T21:48:23","date_gmt":"2014-11-06T21:48:23","guid":{"rendered":"https:\/\/marchadelagorra.org\/?p=302"},"modified":"2014-11-06T21:48:23","modified_gmt":"2014-11-06T21:48:23","slug":"se-organizan-para-participar-de-la-marcha-de-la-gorra","status":"publish","type":"post","link":"https:\/\/marchadelagorra.org\/2024\/se-organizan-para-participar-de-la-marcha-de-la-gorra\/","title":{"rendered":"Se organizan para participar de la Marcha de la Gorra"},"content":{"rendered":"<p>Lo hacen en el paseo del Fundador, con actividades culturales y manuales transitan hacia el encuentro del 20 de noviembre.<\/p>\n<p>El colectivo de<strong> J\u00f3venes por Nuestros Derechos<\/strong> convoc\u00f3 a organizaciones sociales a formar parte de las actividades programadas en espera de la <strong>Marcha de la Gorra<\/strong> que se llevar\u00e1 a cabo el 20 de noviembre pr\u00f3ximo, en la ciudad de<strong> C\u00f3rdoba<\/strong>.<\/p>\n<p>Sucede dentro del ciclo sociocultural <strong>Alto Embrollo <\/strong>que se concreta en el Paseo del Fundador, en pleno centro de la ciudad capitalina.<\/p>\n<p>\u00abEstamos en las actividades denominadas `te invito a merodear&#8217; que son exposiciones juveniles que se est\u00e1n realizado\u00bb, dijo una de las organizadoras precisando que\u00a0habr\u00e1 radios abiertas, la exposici\u00f3n de una fotonovela, se construir\u00e1n productos, remeras, gorras y banderas para llevar a la marcha.<\/p>\n<p>El 20 de noviembre, a las 18, desde Col\u00f3n y Ca\u00f1ada manifestar\u00e1n por la ciudad pidiendo la\u00a0derogacion del <strong>C\u00f3digo de Faltas <\/strong>y bajo el lema \u00abm\u00e1s vale gorras embrollando que polic\u00edas matando\u00bb.<\/p>\n<p>&nbsp;<\/p>\n","protected":false},"excerpt":{"rendered":"<p>Lo hacen en el paseo del Fundador, con actividades culturales y manuales transitan hacia el encuentro del 20 de noviembre. El colectivo de J\u00f3venes por Nuestros Derechos convoc\u00f3 a organizaciones sociales a formar parte de las actividades programadas en espera de la Marcha de la Gorra que se llevar\u00e1 a cabo el 20 de noviembre&hellip; <br \/> <a class=\"button small blue\" href=\"https:\/\/marchadelagorra.org\/2024\/se-organizan-para-participar-de-la-marcha-de-la-gorra\/\">Leer m\u00e1s<\/a><\/p>\n","protected":false},"author":3,"featured_media":303,"comment_status":"closed","ping_status":"closed","sticky":false,"template":"","format":"standard","meta":{"footnotes":""},"categories":[30,21],"tags":[],"class_list":["post-1480","post","type-post","status-publish","format-standard","has-post-thumbnail","hentry","category-8-mdlg","category-videos"],"aioseo_notices":[],"_links":{"self":[{"href":"https:\/\/marchadelagorra.org\/2024\/wp-json\/wp\/v2\/posts\/1480","targetHints":{"allow":["GET"]}}],"collection":[{"href":"https:\/\/marchadelagorra.org\/2024\/wp-json\/wp\/v2\/posts"}],"about":[{"href":"https:\/\/marchadelagorra.org\/2024\/wp-json\/wp\/v2\/types\/post"}],"author":[{"embeddable":true,"href":"https:\/\/marchadelagorra.org\/2024\/wp-json\/wp\/v2\/users\/3"}],"replies":[{"embeddable":true,"href":"https:\/\/marchadelagorra.org\/2024\/wp-json\/wp\/v2\/comments?post=1480"}],"version-history":[{"count":0,"href":"https:\/\/marchadelagorra.org\/2024\/wp-json\/wp\/v2\/posts\/1480\/revisions"}],"wp:featuredmedia":[{"embeddable":true,"href":"https:\/\/marchadelagorra.org\/2024\/wp-json\/wp\/v2\/media\/303"}],"wp:attachment":[{"href":"https:\/\/marchadelagorra.org\/2024\/wp-json\/wp\/v2\/media?parent=1480"}],"wp:term":[{"taxonomy":"category","embeddable":true,"href":"https:\/\/marchadelagorra.org\/2024\/wp-json\/wp\/v2\/categories?post=1480"},{"taxonomy":"post_tag","embeddable":true,"href":"https:\/\/marchadelagorra.org\/2024\/wp-json\/wp\/v2\/tags?post=1480"}],"curies":[{"name":"wp","href":"https:\/\/api.w.org\/{rel}","templated":true}]}}