{"id":1479,"date":"2014-09-18T15:07:07","date_gmt":"2014-09-18T15:07:07","guid":{"rendered":"http:\/\/mdlg.culturaflux.com.ar\/?p=8"},"modified":"2014-09-18T15:07:07","modified_gmt":"2014-09-18T15:07:07","slug":"se-viene-la-8a-marcha-de-la-gorra","status":"publish","type":"post","link":"https:\/\/marchadelagorra.org\/2024\/se-viene-la-8a-marcha-de-la-gorra\/","title":{"rendered":"\u00a1Se viene la 8\u00aa Marcha de la Gorra!"},"content":{"rendered":"<h1><strong>CONVOCATORIA<\/strong><\/h1>\n<h1>Mesa de organizaci\u00f3n de la 8\u00aa Marcha de la Gorra<\/h1>\n<p>El Colectivo de J\u00f3venes convoca un a\u00f1o m\u00e1s a la mesa de organizaci\u00f3n de la Marcha de la Gorra. El 20 de noviembre a las 18hs. ocuparemos las calles con la 8\u00b0 Marcha de la Gorra en C\u00f3rdoba Capital. Este a\u00f1o tambi\u00e9n habr\u00e1 marchas en otras localidades de la provincia como son las ciudades de Villa Mar\u00eda, San Francisco, R\u00edo Cuarto y Jes\u00fas Mar\u00eda.<\/p>\n<p>A la Marcha nunca llegamos solxs, nos acompa\u00f1an organizaciones sociales, espacios comunitarios, bibliotecas, grupos de j\u00f3venes, agrupaciones pol\u00edticas, partidos pol\u00edticos, escuelas, centros de estudiantes y muchas personas inquietas. Todas movilizadas por la anulaci\u00f3n de un c\u00f3digo de faltas inconstitucional y por una Instituci\u00f3n Policial que nos golpea con desapariciones y asesinatos, persecuciones y hostigamientos. Motivos nos sobran para salir y no queremos hacerlo solxs, queremos que muchxs m\u00e1s se suban a este Colectivo porque el 20 de noviembre la calle es nuestra.<\/p>\n<p>Desde el Colectivo de J\u00f3venes por Nuestros Derechos abrimos las puertas para la organizaci\u00f3n de la 8\u00b0 Marcha de la Gorra que se celebrar\u00e1 el jueves\u00a020 de noviembre de 2014.<\/p>\n<p><strong>Durante estos a\u00f1os dijimos\u2026<\/strong><\/p>\n<p><strong>1\u00aa Marcha de la Gorra<\/strong>: <em>\u00bfPor qu\u00e9 tu gorra s\u00ed, la m\u00eda no?<\/em><\/p>\n<p>20 de noviembre de 2007<\/p>\n<p><strong>2\u00aa Marcha de la Gorra<\/strong>: <em>Una oreja para los chicos.<\/em><\/p>\n<p>20 de noviembre de 2008<\/p>\n<p><strong>3\u00aa Marcha de la Gorra<\/strong>: <em>Los j\u00f3venes al centro.<\/em><\/p>\n<p>20 de noviembre de 2009<\/p>\n<p><strong>4\u00aa Marcha de la Gorra<\/strong>: <em>Contra el C\u00f3digo de Faltas. \u00bfY los Derechos que nos faltan?<\/em><\/p>\n<p>19 de noviembre de 2010<\/p>\n<p><strong>5\u00aa Marcha de la Gorra<\/strong>: <em>Nos detienen por la cultura.<\/em><\/p>\n<p>18 de noviembre de 2011<\/p>\n<p><strong>6\u00aa Marcha de la Gorra<\/strong>: <em>Tu c\u00f3digo trata de desaparecer nuestra alegr\u00eda callejera<\/em><\/p>\n<p>20 de noviembre de 2012<\/p>\n<p><strong>7\u00aa Marcha de la Gorra<\/strong>: <em>Tu seguridad nos limita, nuestra Resistencia es infinita.<\/em><\/p>\n<p>20 de noviembre de 2013<\/p>\n<p>&nbsp;<\/p>\n<p>Te esperamos todos los <strong>viernes de septiembre, octubre y noviembre <\/strong>a las <strong>19hs.<\/strong><\/p>\n<p>Desde el viernes 12 de septiembre y todos los viernes.<\/p>\n<p>&nbsp;<\/p>\n<p>Nos reunimos en <strong>La Minga:<\/strong>\u00a0Urquiza 450 \u2013 Dpto. 8<\/p>\n<p>Tel\u00e9fono de contacto: 0351 155 164403<\/p>\n","protected":false},"excerpt":{"rendered":"<p>CONVOCATORIA Mesa de organizaci\u00f3n de la 8\u00aa Marcha de la Gorra El Colectivo de J\u00f3venes convoca un a\u00f1o m\u00e1s a la mesa de organizaci\u00f3n de la Marcha de la Gorra. El 20 de noviembre a las 18hs. ocuparemos las calles con la 8\u00b0 Marcha de la Gorra en C\u00f3rdoba Capital. Este a\u00f1o tambi\u00e9n habr\u00e1 marchas&hellip; <br \/> <a class=\"button small blue\" href=\"https:\/\/marchadelagorra.org\/2024\/se-viene-la-8a-marcha-de-la-gorra\/\">Leer m\u00e1s<\/a><\/p>\n","protected":false},"author":3,"featured_media":9,"comment_status":"closed","ping_status":"closed","sticky":false,"template":"","format":"standard","meta":{"footnotes":""},"categories":[30,35,36],"tags":[29,31,32,33,34],"class_list":["post-1479","post","type-post","status-publish","format-standard","has-post-thumbnail","hentry","category-8-mdlg","category-mdlg-2014","category-notas","tag-20-de-noviembre","tag-codigo-de-faltas","tag-colectivo-de-jovenes-por-nuestros-derechos","tag-cordoba","tag-marcha-de-la-gorra"],"aioseo_notices":[],"_links":{"self":[{"href":"https:\/\/marchadelagorra.org\/2024\/wp-json\/wp\/v2\/posts\/1479","targetHints":{"allow":["GET"]}}],"collection":[{"href":"https:\/\/marchadelagorra.org\/2024\/wp-json\/wp\/v2\/posts"}],"about":[{"href":"https:\/\/marchadelagorra.org\/2024\/wp-json\/wp\/v2\/types\/post"}],"author":[{"embeddable":true,"href":"https:\/\/marchadelagorra.org\/2024\/wp-json\/wp\/v2\/users\/3"}],"replies":[{"embeddable":true,"href":"https:\/\/marchadelagorra.org\/2024\/wp-json\/wp\/v2\/comments?post=1479"}],"version-history":[{"count":0,"href":"https:\/\/marchadelagorra.org\/2024\/wp-json\/wp\/v2\/posts\/1479\/revisions"}],"wp:featuredmedia":[{"embeddable":true,"href":"https:\/\/marchadelagorra.org\/2024\/wp-json\/"}],"wp:attachment":[{"href":"https:\/\/marchadelagorra.org\/2024\/wp-json\/wp\/v2\/media?parent=1479"}],"wp:term":[{"taxonomy":"category","embeddable":true,"href":"https:\/\/marchadelagorra.org\/2024\/wp-json\/wp\/v2\/categories?post=1479"},{"taxonomy":"post_tag","embeddable":true,"href":"https:\/\/marchadelagorra.org\/2024\/wp-json\/wp\/v2\/tags?post=1479"}],"curies":[{"name":"wp","href":"https:\/\/api.w.org\/{rel}","templated":true}]}}